{"id":5213,"date":"2025-11-04T02:56:19","date_gmt":"2025-11-04T02:56:19","guid":{"rendered":"https:\/\/talpadent.lu\/entdeckt-firwat-en-zann-seng-faarf-annert-a-wei-intern-bleechung-dest-emdreine-kann\/"},"modified":"2026-04-17T13:07:21","modified_gmt":"2026-04-17T13:07:21","slug":"entdeckt-firwat-en-zann-seng-faarf-annert-a-wei-intern-bleechung-dest-emdreine-kann","status":"publish","type":"post","link":"https:\/\/talpadent.lu\/lb\/entdeckt-firwat-en-zann-seng-faarf-annert-a-wei-intern-bleechung-dest-emdreine-kann\/","title":{"rendered":"Entdeckt firwat en Z\u00e4nn seng Faarf \u00e4nnert a w\u00e9i intern Bleechung d\u00ebst \u00ebmdr\u00e9ine kann"},"content":{"rendered":"<h2 data-start=\"285\" data-end=\"304\"><strong data-start=\"288\" data-end=\"304\">Af\u00e9ierung<\/strong><\/h2>\n<p data-start=\"306\" data-end=\"646\">Verf\u00e4rbt a gefierft Z\u00e4nn sinn dacks eng Quell vu Suergen a maachen een sech Suergen iwwer s\u00e4in Ausgesinn. W\u00e4rend mir all hellw\u00e4iss a gl\u00e4nzend Z\u00e4nn sch\u00e4tzen, ass et fair ze soen, datt net all vun eis mat perfekte perlw\u00e4isse Z\u00e4nn gebuer ginn. Vill genetesch an \u00cbmweltfaktoren k\u00ebnnen eng Roll spillen bei der Entscheedung vun der Faarf vun eise Z\u00e4nn.  <\/p>\n<p data-start=\"648\" data-end=\"925\">Et kann awer Z\u00e4ite ginn, wou en Z\u00e4nn bal direkt seng Faarf \u00e4nnert. Flecken a Verf\u00e4rbungen op den Z\u00e4nn k\u00ebnnen aus enger Villzuel vu Gr\u00ebnn entstoen, an et g\u00ebtt vill M\u00e9iglechkeeten, se ze behandelen.  <strong data-start=\"851\" data-end=\"925\">Liest weider fir m\u00e9i doriwwer ze l\u00e9ieren, firwat \u00c4r Z\u00e4nn verf\u00e4rbt ginn.<\/strong><\/p>\n<h2 data-start=\"932\" data-end=\"968\"><strong data-start=\"935\" data-end=\"968\">Firwat verf\u00e4rben sech d&#8217;Z\u00e4nn?<\/strong><\/h2>\n<p data-start=\"970\" data-end=\"1036\">Z\u00e4nnflecken k\u00ebnnen aus zwou Zorte sinn: extrinsesch an intrinsesch.<\/p>\n<h3 data-start=\"1043\" data-end=\"1067\"><strong data-start=\"1047\" data-end=\"1067\">Extrinsesch Ursaachen<\/strong><\/h3>\n<p data-start=\"1069\" data-end=\"1320\">Extrinsesch Flecken sinn op der \u00e4usserer Uewerfl\u00e4ch vun den Z\u00e4nn pr\u00e4sent a sinn d&#8217;Resultat vu Verschleiung, \u00cbmweltfaktoren an Ern\u00e4rungsgewunnechten w\u00e9i exzessive Kaffi- an T\u00e9ikonsum, Kuelesaiergedr\u00e9nks a F\u00ebmmen oder Tubakskonsum.<\/p>\n<p data-start=\"1322\" data-end=\"1435\">Extrinsesch Flecken k\u00ebnnen mat H\u00ebllef vu reegelm\u00e9issegen Z\u00e4nnbleechprozeduren an der Praxis <a href=\"https:\/\/talpadent.lu\/lb\/zannbleechung\/\">nahtlos behandelt ginn.<\/a><\/p>\n<h3 data-start=\"1442\" data-end=\"1466\"><strong data-start=\"1446\" data-end=\"1466\">Intrinsesch Ursaachen<\/strong><\/h3>\n<p data-start=\"1468\" data-end=\"1573\">Intrinsesch Verf\u00e4rbung beaflosst d\u00e9i bannenzeg Schichten vun engem Z\u00e4nn a kann aus engem vun de folgende Gr\u00ebnn optrieden:<\/p>\n<h4 data-start=\"1575\" data-end=\"1592\"><strong data-start=\"1580\" data-end=\"1592\">Genetik<\/strong><\/h4>\n<p data-start=\"1593\" data-end=\"1892\">E puer vun eis hunn am Verglach mat aneren natierlech giel Z\u00e4nn. D&#8217;Faarf vun eisen Z\u00e4nn ass genetesch best\u00ebmmt. A verschiddene F\u00e4ll k\u00ebnnen Eenzelpersounen Entw\u00e9cklungsst\u00e9ierunge w\u00e9i Dentinogenesis imperfecta a best\u00ebmmte Syndromer hunn, d\u00e9i och Verf\u00e4rbungen vun den Z\u00e4nn verursaache k\u00ebnnen.  <\/p>\n<h4 data-start=\"1894\" data-end=\"1922\"><strong data-start=\"1899\" data-end=\"1922\">Antibiotikum Belaaschtung<\/strong><\/h4>\n<p data-start=\"1923\" data-end=\"2279\">Verschidden Antibiotike, w\u00e9i Tetracyclin, goufen a Verbindung mat permanenter Z\u00e4nnverf\u00e4rbung bruecht. Wann eng Fra w\u00e4hrend der Schwangerschaft mat Tetracyclin behandelt gouf, kann dat d&#8217;Z\u00e4nn vum Kand beaflossen. Et ass bekannt, datt d\u00ebs Antibiotike d&#8217;Z\u00e4nn gr\u00e9ngbrong bis giel verf\u00e4rben, wat normalerweis no sechs Joer siichtbar ass, wann d\u00e9i permanent Z\u00e4nn uf\u00e4nken duerchzebriechen.  <\/p>\n<h4 data-start=\"2281\" data-end=\"2296\"><strong data-start=\"2286\" data-end=\"2296\">Alterung<\/strong><\/h4>\n<p data-start=\"2297\" data-end=\"2416\">Mat dem Alter g\u00ebtt den Email br\u00e9cheg an et k\u00ebnnt dat gielt Dentin eraus, wat fir d&#8217;Verf\u00e4rbung vun den Z\u00e4nn verantwortlech ass.<\/p>\n<h4 data-start=\"2418\" data-end=\"2459\"><strong data-start=\"2423\" data-end=\"2459\">Z\u00e4nnf\u00ebllungen a Restauratiounen<\/strong><\/h4>\n<p data-start=\"2460\" data-end=\"2600\">Best\u00ebmmt Z\u00e4nnrestauratiounen, besonnesch S\u00eblwerpalamgam, k\u00ebnnen den Z\u00e4nn vu gro op schwaarz verf\u00e4rben, well et d\u00e9i bannenzeg Schichten beaflosst.<\/p>\n<h4 data-start=\"2602\" data-end=\"2631\"><strong data-start=\"2607\" data-end=\"2631\">Root Canal Behandlung<\/strong><\/h4>\n<p data-start=\"2632\" data-end=\"2748\">Z\u00e4nn, d\u00e9i eng Wurzelkanalbehandlung gemaach hunn, k\u00ebnne verf\u00e4rbt ginn an e gro-schwaarzt Ausgesinn kr\u00e9ien.<\/p>\n<h4 data-start=\"2750\" data-end=\"2778\"><strong data-start=\"2755\" data-end=\"2778\">Trauma op d&#8217;Z\u00e4nn<\/strong><\/h4>\n<p data-start=\"2779\" data-end=\"2993\">All Verletzung oder Trauma kann dozou f\u00e9ieren, datt den Z\u00e4nn m\u00e9i d\u00e4ischter g\u00ebtt (gro oder schwaarz). D\u00ebst geschitt well d&#8217;Z\u00e4nnpulpa betraff ass, wouduerch d&#8217;Bluttversuergung \u00ebnnerbrach g\u00ebtt, wouduerch den Z\u00e4nn ofst\u00e9iert a seng Faarf \u00e4nnert. <\/p>\n<h4 data-start=\"2995\" data-end=\"3014\"><strong data-start=\"3000\" data-end=\"3014\">Dout Z\u00e4nn<\/strong><\/h4>\n<p data-start=\"3015\" data-end=\"3105\">All Infektioun oder Trauma kann dozou f\u00e9ieren, datt en Z\u00e4nn seng Vitalit\u00e9it verl\u00e9iert a donkel oder gro g\u00ebtt.<\/p>\n<h4 data-start=\"3107\" data-end=\"3142\"><strong data-start=\"3112\" data-end=\"3142\">Geknackt Z\u00e4nn \/ Rosa Z\u00e4nn<\/strong><\/h4>\n<p data-start=\"3143\" data-end=\"3360\">Trauma oder Karies k\u00ebnnen dozou f\u00e9ieren, datt Blutt aus de Pulpagef\u00e4sser erausgeet an an den Z\u00e4nnschichten agefaange g\u00ebtt, wat zu enger rosa Verf\u00e4rbung f\u00e9iert. D\u00ebsen Zoustand, bekannt als intern Resorptioun, kann eng Wurzelbehandlung erfuerderen. <\/p>\n<h4 data-start=\"3362\" data-end=\"3398\"><strong data-start=\"3367\" data-end=\"3398\">Exzessiv Fluorid Belaaschtung<\/strong><\/h4>\n<p data-start=\"3399\" data-end=\"3531\">Fluorid st\u00e4erkt d&#8217;Z\u00e4nn, awer exzessiv Belaaschtung kann Fluorose verursaachen, wat zu w\u00e4issleche Str\u00e4ifen oder brong Flecken f\u00e9iert.<\/p>\n<h2 data-start=\"3538\" data-end=\"3594\"><strong data-start=\"3541\" data-end=\"3594\">Wat kann een maachen, wann en Z\u00e4nn seng Faarf \u00e4nnert?<\/strong><\/h2>\n<p data-start=\"3596\" data-end=\"3808\">Vill Behandlungsprotokoller k\u00ebnne benotzt ginn fir verf\u00e4rbt Z\u00e4nn ze korrig\u00e9ieren. Fir d\u00ebse Blog konzentr\u00e9iere mir eis op intrinsesch Z\u00e4nnverf\u00e4rbungen a w\u00e9i Z\u00e4nndokteren w\u00e9i ech se mat der interner <a href=\"https:\/\/talpadent.lu\/lb\/zannbleechung\/\">Bleechtechnik behandele k\u00ebnnen<\/a>. <\/p>\n<h2 data-start=\"3815\" data-end=\"3849\"><strong data-start=\"3818\" data-end=\"3849\">Wat ass intern Bleechung?<\/strong><\/h2>\n<p data-start=\"3851\" data-end=\"4044\">Intern Z\u00e4nnbleechung zu L\u00ebtzebuerg ass eng Method fir d&#8217;Z\u00e4nnbleechung, d\u00e9i geduecht ass fir Wurzelkanalbehandlungen, traumatis\u00e9iert oder dout Z\u00e4nn ze bleechen, d\u00e9i vun bannen d&#8217;Faarf ge\u00e4nnert hunn.<\/p>\n<p data-start=\"4046\" data-end=\"4293\">Z\u00e4nn, d\u00e9i eng Wurzelkanalbehandlung gemaach hunn, tend\u00e9ieren mat der Z\u00e4it ze verf\u00e4rben. Intern Bleichen kann 3-4 M\u00e9int daueren, fir d\u00e9i gew\u00ebnschte Resultater z&#8217;erreechen. Reegelm\u00e9isseg Evaluatioune ginn duerchgefouert, fir s\u00e9cherzestellen, datt d\u00e9i behandelt Z\u00e4nn dem Faarft\u00e9in vun den Nopeschz\u00e4nn iwwereneest\u00ebmmen. <\/p>\n<h2 data-start=\"4300\" data-end=\"4339\"><strong data-start=\"4303\" data-end=\"4339\">Prozedur fir intern Bleechung<\/strong><\/h2>\n<p data-start=\"4341\" data-end=\"4480\">Intern Z\u00e4nnbleechung ass eng invasiv Z\u00e4nnbleechungsprozedur a ass strikt fir Wurzelkanalbehandlungen oder traumatis\u00e9iert Z\u00e4nn reserv\u00e9iert.<\/p>\n<ol data-start=\"4482\" data-end=\"5056\">\n<li data-start=\"4482\" data-end=\"4559\">\n<p data-start=\"4485\" data-end=\"4559\">Eng komplett m\u00ebndlech Untersuchung g\u00ebtt duerchgefouert fir d&#8217;Verf\u00e4rbung ze bew\u00e4erten.<\/p>\n<\/li>\n<li data-start=\"4560\" data-end=\"4622\">\n<p data-start=\"4563\" data-end=\"4622\">D&#8217;Z\u00e4nn ginn mat engem Kautschukdamm isol\u00e9iert a gereinegt.<\/p>\n<\/li>\n<li data-start=\"4623\" data-end=\"4662\">\n<p data-start=\"4626\" data-end=\"4662\">D\u00e9i aktuell Faarf g\u00ebtt opgeholl.<\/p>\n<\/li>\n<li data-start=\"4663\" data-end=\"4729\">\n<p data-start=\"4666\" data-end=\"4729\">D&#8217;F\u00ebllung g\u00ebtt vum ieweschten Deel vum Z\u00e4nn ewechgeholl.<\/p>\n<\/li>\n<li data-start=\"4730\" data-end=\"4793\">\n<p data-start=\"4733\" data-end=\"4793\">D&#8217;Pulpkammer g\u00ebtt vun all Reschtmaterial gereinegt.<\/p>\n<\/li>\n<li data-start=\"4794\" data-end=\"4871\">\n<p data-start=\"4797\" data-end=\"4871\">Waasserstoffperoxid oder Carbamidperoxid g\u00ebtt an den Z\u00e4nn appliz\u00e9iert.<\/p>\n<\/li>\n<li data-start=\"4872\" data-end=\"4955\">\n<p data-start=\"4875\" data-end=\"4955\">D\u00ebse Prozess kann 2-3 Mol widderholl ginn, bis dat gew\u00ebnschte Resultat erreecht ass.<\/p>\n<\/li>\n<li data-start=\"4956\" data-end=\"5056\">\n<p data-start=\"4959\" data-end=\"5056\">Den Z\u00e4nn g\u00ebtt schliisslech gew\u00e4sch, gereinegt a mat z\u00e4nnfaarwegem Kompositharz restaur\u00e9iert.<\/p>\n<\/li>\n<\/ol>\n<p data-start=\"5058\" data-end=\"5187\">\u26a0\ufe0f Et ass wichteg ze bedenken, datt et Z\u00e4it brauch, bis eng intern Bleechung d\u00e9i voll Resultater weist, well d&#8217;Verf\u00e4rbungen d\u00e9if verankert sinn.<\/p>\n<h2 data-start=\"5194\" data-end=\"5231\"><strong data-start=\"5197\" data-end=\"5231\">Virdeeler vun der interner Bleechung<\/strong><\/h2>\n<ul data-start=\"5233\" data-end=\"5551\">\n<li data-start=\"5233\" data-end=\"5298\">\n<p data-start=\"5235\" data-end=\"5298\">Net-invasiv a bezuelbar am Verglach mat Krounen oder Veneers<\/p>\n<\/li>\n<li data-start=\"5299\" data-end=\"5356\">\n<p data-start=\"5301\" data-end=\"5356\">Konservativen Usaz \u2013 erh\u00e4lt d&#8217;Z\u00e4nnstruktur<\/p>\n<\/li>\n<li data-start=\"5357\" data-end=\"5398\">\n<p data-start=\"5359\" data-end=\"5398\">H\u00e9ich effektiv bei der Fleckentfernung<\/p>\n<\/li>\n<li data-start=\"5399\" data-end=\"5447\">\n<p data-start=\"5401\" data-end=\"5447\"><strong data-start=\"5401\" data-end=\"5445\">Verbessert d&#8217;Erscheinung an d&#8217;\u00c4sthetik vun den Z\u00e4nn<\/strong><\/p>\n<\/li>\n<li data-start=\"5448\" data-end=\"5500\">\n<p data-start=\"5450\" data-end=\"5500\"><strong data-start=\"5450\" data-end=\"5498\">Verbessert d&#8217;Gesamtliicht an d&#8217;Gesiichts\u00e4sthetik<\/strong><\/p>\n<\/li>\n<li data-start=\"5501\" data-end=\"5551\">\n<p data-start=\"5503\" data-end=\"5551\">Hell Z\u00e4nn k\u00ebnnen Iech m\u00e9i jonk ausgesinn loossen<\/p>\n<\/li>\n<\/ul>\n<h2 data-start=\"5558\" data-end=\"5598\"><strong data-start=\"5561\" data-end=\"5598\">Ass d&#8217;Bleechen vun den inneren Z\u00e4nn s\u00e9cher?<\/strong><\/h2>\n<p data-start=\"5600\" data-end=\"5780\">Et g\u00ebtt e M\u00ebssverst\u00e4ndnis, datt intern Bleechung gef\u00e9ierlech ass. Modern Z\u00e4nndokterfortschr\u00ebtter maachen et awer zu enger s\u00e9cherer an effektiver Prozedur, wann se vun engem qualifiz\u00e9ierten Z\u00e4nndokter duerchgefouert g\u00ebtt. <\/p>\n<p data-start=\"5782\" data-end=\"5961\">Den Deel vum Wuerzel ass versiegelt, fir s\u00e9cherzestellen, datt de Bleichm\u00ebttel keng Gew\u00ebss w\u00e9i Z\u00e4nnfleesch oder Schanken irrit\u00e9iert. Dofir g\u00ebtt et kee Risiko vun Irritatiounen oder Schied, wann et richteg gemaach g\u00ebtt. <\/p>\n<h2 data-start=\"5968\" data-end=\"6012\"><strong data-start=\"5971\" data-end=\"6012\">G\u00ebtt et Risiken oder Nodeeler?<\/strong><\/h2>\n<p data-start=\"6014\" data-end=\"6083\">W\u00e9i all Z\u00e4nnbehandlungen, br\u00e9ngt intern Bleechung kleng Risiken mat sech:<\/p>\n<ul data-start=\"6085\" data-end=\"6382\">\n<li data-start=\"6085\" data-end=\"6154\">\n<p data-start=\"6087\" data-end=\"6154\">Et kann e puer Rendez-vousen daueren, fir d\u00e9i gew\u00ebnschte Resultater z&#8217;erreechen.<\/p>\n<\/li>\n<li data-start=\"6155\" data-end=\"6229\">\n<p data-start=\"6157\" data-end=\"6229\">Den behandelten Z\u00e4nn kann ufanks m\u00e9i w\u00e4iss ausgesinn w\u00e9i d&#8217;Nopeschz\u00e4nn.<\/p>\n<\/li>\n<li data-start=\"6230\" data-end=\"6302\">\n<p data-start=\"6232\" data-end=\"6302\">D&#8217;Resultater halen bis zu 2 Joer, duerno k\u00ebnnen eng Retouche n\u00e9ideg sinn.<\/p>\n<\/li>\n<li data-start=\"6303\" data-end=\"6382\">\n<p data-start=\"6305\" data-end=\"6382\">E b\u00ebsse m\u00e9i invasiv w\u00e9i extern Bleichen, well Bueren erfuerderlech ass.<\/p>\n<\/li>\n<\/ul>\n<h2 data-start=\"6389\" data-end=\"6406\"><img fetchpriority=\"high\" decoding=\"async\" class=\"wp-image-2398 size-full aligncenter\" src=\"https:\/\/talpadent.lu\/wp-content\/uploads\/2025\/11\/12345.jpeg\" alt=\"\" width=\"1000\" height=\"667\" srcset=\"https:\/\/talpadent.lu\/wp-content\/uploads\/2025\/11\/12345.jpeg 1000w, https:\/\/talpadent.lu\/wp-content\/uploads\/2025\/11\/12345-300x200.jpeg 300w, https:\/\/talpadent.lu\/wp-content\/uploads\/2025\/11\/12345-768x512.jpeg 768w\" sizes=\"(max-width: 1000px) 100vw, 1000px\" \/><\/h2>\n<h2 data-start=\"6389\" data-end=\"6406\"><strong data-start=\"6392\" data-end=\"6406\">Conclusioun<\/strong><\/h2>\n<p data-start=\"6408\" data-end=\"6537\">Ech hoffen, d\u00ebse Blog huet Iech en d\u00e9ifgr\u00e4ifenden Abl\u00e9ck an d&#8217;Fro ginn, firwat \u00c4r Z\u00e4nn d&#8217;Faarf \u00e4nnert a wat een dog\u00e9int maache kann.<\/p>\n<p data-start=\"6539\" data-end=\"6740\">Wann \u00c4ren verf\u00e4rbten Z\u00e4nn, deen duerch eng Wurzelkanalbehandlung behandelt gouf, Iech st\u00e9iert, k\u00ebnnt Dir vun enger interner Bleechung profit\u00e9ieren.<br data-start=\"6650\" data-end=\"6653\">Ech encourag\u00e9ieren all meng Patienten, eng oppe Diskussioun ze hunn, ier se mat enger Behandlung uf\u00e4nken.<\/p>\n<p data-start=\"6742\" data-end=\"6939\">Wann Dir Froen oder Bedenken hutt, k\u00ebnnt Dir mech g\u00e4ren kontakt\u00e9ieren. Ech, den Dr. Viorel Talpa, a m\u00e4in Team vun Z\u00e4nndokteren sinn hei fir Iech ze h\u00ebllefen, eng exzellent m\u00ebndlech Gesondheet z&#8217;erreechen.<\/p>\n","protected":false},"excerpt":{"rendered":"<p>Af\u00e9ierung Verf\u00e4rbt a gefierft Z\u00e4nn sinn dacks eng Quell vu Suergen a maachen een sech Suergen iwwer s\u00e4in Ausgesinn. W\u00e4rend mir all hellw\u00e4iss a gl\u00e4nzend Z\u00e4nn sch\u00e4tzen, ass et fair ze soen, datt net all vun eis mat perfekte perlw\u00e4isse Z\u00e4nn gebuer ginn. Vill genetesch an \u00cbmweltfaktoren k\u00ebnnen eng Roll spillen bei der Entscheedung vun [&hellip;]<\/p>\n","protected":false},"author":1,"featured_media":5212,"comment_status":"open","ping_status":"open","sticky":false,"template":"","format":"standard","meta":{"footnotes":""},"categories":[109],"tags":[],"class_list":["post-5213","post","type-post","status-publish","format-standard","has-post-thumbnail","hentry","category-uncategorized-lb"],"yoast_head":"<!-- This site is optimized with the Yoast SEO plugin v27.4 - https:\/\/yoast.com\/product\/yoast-seo-wordpress\/ -->\n<title>Intern Bleechung zu L\u00ebtzebuerg<\/title>\n<meta name=\"description\" content=\"Fannt eraus, firwat d&#039;Z\u00e4nn hir Faarf \u00e4nneren a w\u00e9i intern Bleechung h\u00eblleft, d\u00e9if Verf\u00e4rbungen \u00ebmzekr\u00e9ien. Kritt Expertenabl\u00e9ck iwwer s\u00e9cher, effektiv an dauerhaft Z\u00e4nnbleechl\u00e9isungen.\" \/>\n<meta name=\"robots\" content=\"index, follow, max-snippet:-1, max-image-preview:large, max-video-preview:-1\" \/>\n<link rel=\"canonical\" href=\"https:\/\/talpadent.lu\/lb\/entdeckt-firwat-en-zann-seng-faarf-annert-a-wei-intern-bleechung-dest-emdreine-kann\/\" \/>\n<meta property=\"og:locale\" content=\"en_US\" \/>\n<meta property=\"og:type\" content=\"article\" \/>\n<meta property=\"og:title\" content=\"Intern Bleechung zu L\u00ebtzebuerg\" \/>\n<meta property=\"og:description\" content=\"Fannt eraus, firwat d&#039;Z\u00e4nn hir Faarf \u00e4nneren a w\u00e9i intern Bleechung h\u00eblleft, d\u00e9if Verf\u00e4rbungen \u00ebmzekr\u00e9ien. Kritt Expertenabl\u00e9ck iwwer s\u00e9cher, effektiv an dauerhaft Z\u00e4nnbleechl\u00e9isungen.\" \/>\n<meta property=\"og:url\" content=\"https:\/\/talpadent.lu\/lb\/entdeckt-firwat-en-zann-seng-faarf-annert-a-wei-intern-bleechung-dest-emdreine-kann\/\" \/>\n<meta property=\"og:site_name\" content=\"Talpa\" \/>\n<meta property=\"article:published_time\" content=\"2025-11-04T02:56:19+00:00\" \/>\n<meta property=\"article:modified_time\" content=\"2026-04-17T13:07:21+00:00\" \/>\n<meta property=\"og:image\" content=\"https:\/\/talpadent.lu\/wp-content\/uploads\/2025\/11\/2-1-compressed-scaled.jpg\" \/>\n\t<meta property=\"og:image:width\" content=\"2560\" \/>\n\t<meta property=\"og:image:height\" content=\"1280\" \/>\n\t<meta property=\"og:image:type\" content=\"image\/jpeg\" \/>\n<meta name=\"author\" content=\"admin\" \/>\n<meta name=\"twitter:card\" content=\"summary_large_image\" \/>\n<meta name=\"twitter:label1\" content=\"Written by\" \/>\n\t<meta name=\"twitter:data1\" content=\"admin\" \/>\n\t<meta name=\"twitter:label2\" content=\"Est. reading time\" \/>\n\t<meta name=\"twitter:data2\" content=\"6 minutes\" \/>\n<script type=\"application\/ld+json\" class=\"yoast-schema-graph\">{\"@context\":\"https:\\\/\\\/schema.org\",\"@graph\":[{\"@type\":\"Article\",\"@id\":\"https:\\\/\\\/talpadent.lu\\\/lb\\\/entdeckt-firwat-en-zann-seng-faarf-annert-a-wei-intern-bleechung-dest-emdreine-kann\\\/#article\",\"isPartOf\":{\"@id\":\"https:\\\/\\\/talpadent.lu\\\/lb\\\/entdeckt-firwat-en-zann-seng-faarf-annert-a-wei-intern-bleechung-dest-emdreine-kann\\\/\"},\"author\":{\"name\":\"admin\",\"@id\":\"https:\\\/\\\/talpadent.lu\\\/lb\\\/#\\\/schema\\\/person\\\/8243d213f72d21b76a4edefd9db9aa2a\"},\"headline\":\"Entdeckt firwat en Z\u00e4nn seng Faarf \u00e4nnert a w\u00e9i intern Bleechung d\u00ebst \u00ebmdr\u00e9ine kann\",\"datePublished\":\"2025-11-04T02:56:19+00:00\",\"dateModified\":\"2026-04-17T13:07:21+00:00\",\"mainEntityOfPage\":{\"@id\":\"https:\\\/\\\/talpadent.lu\\\/lb\\\/entdeckt-firwat-en-zann-seng-faarf-annert-a-wei-intern-bleechung-dest-emdreine-kann\\\/\"},\"wordCount\":1232,\"commentCount\":0,\"publisher\":{\"@id\":\"https:\\\/\\\/talpadent.lu\\\/lb\\\/#\\\/schema\\\/person\\\/8243d213f72d21b76a4edefd9db9aa2a\"},\"image\":{\"@id\":\"https:\\\/\\\/talpadent.lu\\\/lb\\\/entdeckt-firwat-en-zann-seng-faarf-annert-a-wei-intern-bleechung-dest-emdreine-kann\\\/#primaryimage\"},\"thumbnailUrl\":\"https:\\\/\\\/talpadent.lu\\\/wp-content\\\/uploads\\\/2025\\\/11\\\/2-1-compressed-scaled.jpg\",\"articleSection\":[\"Uncategorized @lb\"],\"inLanguage\":\"lb-LB\",\"potentialAction\":[{\"@type\":\"CommentAction\",\"name\":\"Comment\",\"target\":[\"https:\\\/\\\/talpadent.lu\\\/lb\\\/entdeckt-firwat-en-zann-seng-faarf-annert-a-wei-intern-bleechung-dest-emdreine-kann\\\/#respond\"]}]},{\"@type\":\"WebPage\",\"@id\":\"https:\\\/\\\/talpadent.lu\\\/lb\\\/entdeckt-firwat-en-zann-seng-faarf-annert-a-wei-intern-bleechung-dest-emdreine-kann\\\/\",\"url\":\"https:\\\/\\\/talpadent.lu\\\/lb\\\/entdeckt-firwat-en-zann-seng-faarf-annert-a-wei-intern-bleechung-dest-emdreine-kann\\\/\",\"name\":\"Intern Bleechung zu L\u00ebtzebuerg\",\"isPartOf\":{\"@id\":\"https:\\\/\\\/talpadent.lu\\\/lb\\\/#website\"},\"primaryImageOfPage\":{\"@id\":\"https:\\\/\\\/talpadent.lu\\\/lb\\\/entdeckt-firwat-en-zann-seng-faarf-annert-a-wei-intern-bleechung-dest-emdreine-kann\\\/#primaryimage\"},\"image\":{\"@id\":\"https:\\\/\\\/talpadent.lu\\\/lb\\\/entdeckt-firwat-en-zann-seng-faarf-annert-a-wei-intern-bleechung-dest-emdreine-kann\\\/#primaryimage\"},\"thumbnailUrl\":\"https:\\\/\\\/talpadent.lu\\\/wp-content\\\/uploads\\\/2025\\\/11\\\/2-1-compressed-scaled.jpg\",\"datePublished\":\"2025-11-04T02:56:19+00:00\",\"dateModified\":\"2026-04-17T13:07:21+00:00\",\"description\":\"Fannt eraus, firwat d'Z\u00e4nn hir Faarf \u00e4nneren a w\u00e9i intern Bleechung h\u00eblleft, d\u00e9if Verf\u00e4rbungen \u00ebmzekr\u00e9ien. Kritt Expertenabl\u00e9ck iwwer s\u00e9cher, effektiv an dauerhaft Z\u00e4nnbleechl\u00e9isungen.\",\"breadcrumb\":{\"@id\":\"https:\\\/\\\/talpadent.lu\\\/lb\\\/entdeckt-firwat-en-zann-seng-faarf-annert-a-wei-intern-bleechung-dest-emdreine-kann\\\/#breadcrumb\"},\"inLanguage\":\"lb-LB\",\"potentialAction\":[{\"@type\":\"ReadAction\",\"target\":[\"https:\\\/\\\/talpadent.lu\\\/lb\\\/entdeckt-firwat-en-zann-seng-faarf-annert-a-wei-intern-bleechung-dest-emdreine-kann\\\/\"]}]},{\"@type\":\"ImageObject\",\"inLanguage\":\"lb-LB\",\"@id\":\"https:\\\/\\\/talpadent.lu\\\/lb\\\/entdeckt-firwat-en-zann-seng-faarf-annert-a-wei-intern-bleechung-dest-emdreine-kann\\\/#primaryimage\",\"url\":\"https:\\\/\\\/talpadent.lu\\\/wp-content\\\/uploads\\\/2025\\\/11\\\/2-1-compressed-scaled.jpg\",\"contentUrl\":\"https:\\\/\\\/talpadent.lu\\\/wp-content\\\/uploads\\\/2025\\\/11\\\/2-1-compressed-scaled.jpg\",\"width\":2560,\"height\":1280},{\"@type\":\"BreadcrumbList\",\"@id\":\"https:\\\/\\\/talpadent.lu\\\/lb\\\/entdeckt-firwat-en-zann-seng-faarf-annert-a-wei-intern-bleechung-dest-emdreine-kann\\\/#breadcrumb\",\"itemListElement\":[{\"@type\":\"ListItem\",\"position\":1,\"name\":\"Home\",\"item\":\"https:\\\/\\\/talpadent.lu\\\/lb\\\/\"},{\"@type\":\"ListItem\",\"position\":2,\"name\":\"Entdeckt firwat en Z\u00e4nn seng Faarf \u00e4nnert a w\u00e9i intern Bleechung d\u00ebst \u00ebmdr\u00e9ine kann\"}]},{\"@type\":\"WebSite\",\"@id\":\"https:\\\/\\\/talpadent.lu\\\/lb\\\/#website\",\"url\":\"https:\\\/\\\/talpadent.lu\\\/lb\\\/\",\"name\":\"Talpa\",\"description\":\"\",\"publisher\":{\"@id\":\"https:\\\/\\\/talpadent.lu\\\/lb\\\/#\\\/schema\\\/person\\\/8243d213f72d21b76a4edefd9db9aa2a\"},\"potentialAction\":[{\"@type\":\"SearchAction\",\"target\":{\"@type\":\"EntryPoint\",\"urlTemplate\":\"https:\\\/\\\/talpadent.lu\\\/lb\\\/?s={search_term_string}\"},\"query-input\":{\"@type\":\"PropertyValueSpecification\",\"valueRequired\":true,\"valueName\":\"search_term_string\"}}],\"inLanguage\":\"lb-LB\"},{\"@type\":[\"Person\",\"Organization\"],\"@id\":\"https:\\\/\\\/talpadent.lu\\\/lb\\\/#\\\/schema\\\/person\\\/8243d213f72d21b76a4edefd9db9aa2a\",\"name\":\"admin\",\"image\":{\"@type\":\"ImageObject\",\"inLanguage\":\"lb-LB\",\"@id\":\"https:\\\/\\\/talpadent.lu\\\/wp-content\\\/uploads\\\/2023\\\/04\\\/Logo_Talpadent.lu-1-e1771352825857.png\",\"url\":\"https:\\\/\\\/talpadent.lu\\\/wp-content\\\/uploads\\\/2023\\\/04\\\/Logo_Talpadent.lu-1-e1771352825857.png\",\"contentUrl\":\"https:\\\/\\\/talpadent.lu\\\/wp-content\\\/uploads\\\/2023\\\/04\\\/Logo_Talpadent.lu-1-e1771352825857.png\",\"width\":598,\"height\":600,\"caption\":\"admin\"},\"logo\":{\"@id\":\"https:\\\/\\\/talpadent.lu\\\/wp-content\\\/uploads\\\/2023\\\/04\\\/Logo_Talpadent.lu-1-e1771352825857.png\"},\"sameAs\":[\"https:\\\/\\\/talpadent.lu\"],\"url\":\"https:\\\/\\\/talpadent.lu\\\/lb\\\/author\\\/admin\\\/\"}]}<\/script>\n<!-- \/ Yoast SEO plugin. -->","yoast_head_json":{"title":"Intern Bleechung zu L\u00ebtzebuerg","description":"Fannt eraus, firwat d'Z\u00e4nn hir Faarf \u00e4nneren a w\u00e9i intern Bleechung h\u00eblleft, d\u00e9if Verf\u00e4rbungen \u00ebmzekr\u00e9ien. Kritt Expertenabl\u00e9ck iwwer s\u00e9cher, effektiv an dauerhaft Z\u00e4nnbleechl\u00e9isungen.","robots":{"index":"index","follow":"follow","max-snippet":"max-snippet:-1","max-image-preview":"max-image-preview:large","max-video-preview":"max-video-preview:-1"},"canonical":"https:\/\/talpadent.lu\/lb\/entdeckt-firwat-en-zann-seng-faarf-annert-a-wei-intern-bleechung-dest-emdreine-kann\/","og_locale":"en_US","og_type":"article","og_title":"Intern Bleechung zu L\u00ebtzebuerg","og_description":"Fannt eraus, firwat d'Z\u00e4nn hir Faarf \u00e4nneren a w\u00e9i intern Bleechung h\u00eblleft, d\u00e9if Verf\u00e4rbungen \u00ebmzekr\u00e9ien. Kritt Expertenabl\u00e9ck iwwer s\u00e9cher, effektiv an dauerhaft Z\u00e4nnbleechl\u00e9isungen.","og_url":"https:\/\/talpadent.lu\/lb\/entdeckt-firwat-en-zann-seng-faarf-annert-a-wei-intern-bleechung-dest-emdreine-kann\/","og_site_name":"Talpa","article_published_time":"2025-11-04T02:56:19+00:00","article_modified_time":"2026-04-17T13:07:21+00:00","og_image":[{"width":2560,"height":1280,"url":"https:\/\/talpadent.lu\/wp-content\/uploads\/2025\/11\/2-1-compressed-scaled.jpg","type":"image\/jpeg"}],"author":"admin","twitter_card":"summary_large_image","twitter_misc":{"Written by":"admin","Est. reading time":"6 minutes"},"schema":{"@context":"https:\/\/schema.org","@graph":[{"@type":"Article","@id":"https:\/\/talpadent.lu\/lb\/entdeckt-firwat-en-zann-seng-faarf-annert-a-wei-intern-bleechung-dest-emdreine-kann\/#article","isPartOf":{"@id":"https:\/\/talpadent.lu\/lb\/entdeckt-firwat-en-zann-seng-faarf-annert-a-wei-intern-bleechung-dest-emdreine-kann\/"},"author":{"name":"admin","@id":"https:\/\/talpadent.lu\/lb\/#\/schema\/person\/8243d213f72d21b76a4edefd9db9aa2a"},"headline":"Entdeckt firwat en Z\u00e4nn seng Faarf \u00e4nnert a w\u00e9i intern Bleechung d\u00ebst \u00ebmdr\u00e9ine kann","datePublished":"2025-11-04T02:56:19+00:00","dateModified":"2026-04-17T13:07:21+00:00","mainEntityOfPage":{"@id":"https:\/\/talpadent.lu\/lb\/entdeckt-firwat-en-zann-seng-faarf-annert-a-wei-intern-bleechung-dest-emdreine-kann\/"},"wordCount":1232,"commentCount":0,"publisher":{"@id":"https:\/\/talpadent.lu\/lb\/#\/schema\/person\/8243d213f72d21b76a4edefd9db9aa2a"},"image":{"@id":"https:\/\/talpadent.lu\/lb\/entdeckt-firwat-en-zann-seng-faarf-annert-a-wei-intern-bleechung-dest-emdreine-kann\/#primaryimage"},"thumbnailUrl":"https:\/\/talpadent.lu\/wp-content\/uploads\/2025\/11\/2-1-compressed-scaled.jpg","articleSection":["Uncategorized @lb"],"inLanguage":"lb-LB","potentialAction":[{"@type":"CommentAction","name":"Comment","target":["https:\/\/talpadent.lu\/lb\/entdeckt-firwat-en-zann-seng-faarf-annert-a-wei-intern-bleechung-dest-emdreine-kann\/#respond"]}]},{"@type":"WebPage","@id":"https:\/\/talpadent.lu\/lb\/entdeckt-firwat-en-zann-seng-faarf-annert-a-wei-intern-bleechung-dest-emdreine-kann\/","url":"https:\/\/talpadent.lu\/lb\/entdeckt-firwat-en-zann-seng-faarf-annert-a-wei-intern-bleechung-dest-emdreine-kann\/","name":"Intern Bleechung zu L\u00ebtzebuerg","isPartOf":{"@id":"https:\/\/talpadent.lu\/lb\/#website"},"primaryImageOfPage":{"@id":"https:\/\/talpadent.lu\/lb\/entdeckt-firwat-en-zann-seng-faarf-annert-a-wei-intern-bleechung-dest-emdreine-kann\/#primaryimage"},"image":{"@id":"https:\/\/talpadent.lu\/lb\/entdeckt-firwat-en-zann-seng-faarf-annert-a-wei-intern-bleechung-dest-emdreine-kann\/#primaryimage"},"thumbnailUrl":"https:\/\/talpadent.lu\/wp-content\/uploads\/2025\/11\/2-1-compressed-scaled.jpg","datePublished":"2025-11-04T02:56:19+00:00","dateModified":"2026-04-17T13:07:21+00:00","description":"Fannt eraus, firwat d'Z\u00e4nn hir Faarf \u00e4nneren a w\u00e9i intern Bleechung h\u00eblleft, d\u00e9if Verf\u00e4rbungen \u00ebmzekr\u00e9ien. Kritt Expertenabl\u00e9ck iwwer s\u00e9cher, effektiv an dauerhaft Z\u00e4nnbleechl\u00e9isungen.","breadcrumb":{"@id":"https:\/\/talpadent.lu\/lb\/entdeckt-firwat-en-zann-seng-faarf-annert-a-wei-intern-bleechung-dest-emdreine-kann\/#breadcrumb"},"inLanguage":"lb-LB","potentialAction":[{"@type":"ReadAction","target":["https:\/\/talpadent.lu\/lb\/entdeckt-firwat-en-zann-seng-faarf-annert-a-wei-intern-bleechung-dest-emdreine-kann\/"]}]},{"@type":"ImageObject","inLanguage":"lb-LB","@id":"https:\/\/talpadent.lu\/lb\/entdeckt-firwat-en-zann-seng-faarf-annert-a-wei-intern-bleechung-dest-emdreine-kann\/#primaryimage","url":"https:\/\/talpadent.lu\/wp-content\/uploads\/2025\/11\/2-1-compressed-scaled.jpg","contentUrl":"https:\/\/talpadent.lu\/wp-content\/uploads\/2025\/11\/2-1-compressed-scaled.jpg","width":2560,"height":1280},{"@type":"BreadcrumbList","@id":"https:\/\/talpadent.lu\/lb\/entdeckt-firwat-en-zann-seng-faarf-annert-a-wei-intern-bleechung-dest-emdreine-kann\/#breadcrumb","itemListElement":[{"@type":"ListItem","position":1,"name":"Home","item":"https:\/\/talpadent.lu\/lb\/"},{"@type":"ListItem","position":2,"name":"Entdeckt firwat en Z\u00e4nn seng Faarf \u00e4nnert a w\u00e9i intern Bleechung d\u00ebst \u00ebmdr\u00e9ine kann"}]},{"@type":"WebSite","@id":"https:\/\/talpadent.lu\/lb\/#website","url":"https:\/\/talpadent.lu\/lb\/","name":"Talpa","description":"","publisher":{"@id":"https:\/\/talpadent.lu\/lb\/#\/schema\/person\/8243d213f72d21b76a4edefd9db9aa2a"},"potentialAction":[{"@type":"SearchAction","target":{"@type":"EntryPoint","urlTemplate":"https:\/\/talpadent.lu\/lb\/?s={search_term_string}"},"query-input":{"@type":"PropertyValueSpecification","valueRequired":true,"valueName":"search_term_string"}}],"inLanguage":"lb-LB"},{"@type":["Person","Organization"],"@id":"https:\/\/talpadent.lu\/lb\/#\/schema\/person\/8243d213f72d21b76a4edefd9db9aa2a","name":"admin","image":{"@type":"ImageObject","inLanguage":"lb-LB","@id":"https:\/\/talpadent.lu\/wp-content\/uploads\/2023\/04\/Logo_Talpadent.lu-1-e1771352825857.png","url":"https:\/\/talpadent.lu\/wp-content\/uploads\/2023\/04\/Logo_Talpadent.lu-1-e1771352825857.png","contentUrl":"https:\/\/talpadent.lu\/wp-content\/uploads\/2023\/04\/Logo_Talpadent.lu-1-e1771352825857.png","width":598,"height":600,"caption":"admin"},"logo":{"@id":"https:\/\/talpadent.lu\/wp-content\/uploads\/2023\/04\/Logo_Talpadent.lu-1-e1771352825857.png"},"sameAs":["https:\/\/talpadent.lu"],"url":"https:\/\/talpadent.lu\/lb\/author\/admin\/"}]}},"_links":{"self":[{"href":"https:\/\/talpadent.lu\/lb\/wp-json\/wp\/v2\/posts\/5213","targetHints":{"allow":["GET"]}}],"collection":[{"href":"https:\/\/talpadent.lu\/lb\/wp-json\/wp\/v2\/posts"}],"about":[{"href":"https:\/\/talpadent.lu\/lb\/wp-json\/wp\/v2\/types\/post"}],"author":[{"embeddable":true,"href":"https:\/\/talpadent.lu\/lb\/wp-json\/wp\/v2\/users\/1"}],"replies":[{"embeddable":true,"href":"https:\/\/talpadent.lu\/lb\/wp-json\/wp\/v2\/comments?post=5213"}],"version-history":[{"count":1,"href":"https:\/\/talpadent.lu\/lb\/wp-json\/wp\/v2\/posts\/5213\/revisions"}],"predecessor-version":[{"id":6082,"href":"https:\/\/talpadent.lu\/lb\/wp-json\/wp\/v2\/posts\/5213\/revisions\/6082"}],"wp:featuredmedia":[{"embeddable":true,"href":"https:\/\/talpadent.lu\/lb\/wp-json\/wp\/v2\/media\/5212"}],"wp:attachment":[{"href":"https:\/\/talpadent.lu\/lb\/wp-json\/wp\/v2\/media?parent=5213"}],"wp:term":[{"taxonomy":"category","embeddable":true,"href":"https:\/\/talpadent.lu\/lb\/wp-json\/wp\/v2\/categories?post=5213"},{"taxonomy":"post_tag","embeddable":true,"href":"https:\/\/talpadent.lu\/lb\/wp-json\/wp\/v2\/tags?post=5213"}],"curies":[{"name":"wp","href":"https:\/\/api.w.org\/{rel}","templated":true}]}}