{"id":5253,"date":"2023-08-15T12:13:59","date_gmt":"2023-08-15T12:13:59","guid":{"rendered":"https:\/\/talpadent.lu\/firwat-benotzt-en-zanndokter-kompositharz-fir-asthetesch-zannfellungen-ze-kreien\/"},"modified":"2026-04-17T15:14:30","modified_gmt":"2026-04-17T15:14:30","slug":"firwat-benotzt-en-zanndokter-kompositharz-fir-asthetesch-zannfellungen-ze-kreien","status":"publish","type":"post","link":"https:\/\/talpadent.lu\/lb\/firwat-benotzt-en-zanndokter-kompositharz-fir-asthetesch-zannfellungen-ze-kreien\/","title":{"rendered":"Firwat benotzt en Z\u00e4nndokter Kompositharz fir \u00e4sthetesch Z\u00e4nnf\u00ebllungen ze kr\u00e9ien?"},"content":{"rendered":"<h1><strong><em>Hautdesdaags froen d&#8217;Patienten dacks \u00ebm \u00e4sthetesch Z\u00e4nnpflaumen, d\u00e9i dacks benotzt gi fir L\u00e4cher an den Z\u00e4nn ze f\u00ebllen.<\/em><\/strong><\/h1>\n<p>Z\u00e4nnkompositharz ass eng z\u00e4nnfaarweg Restauratiounssubstanz (\u00e4sthetesch Z\u00e4nnplomben), d\u00e9i<strong> g\u00ebtt vun Z\u00e4nndokteren benotzt fir en zerfallenen Deel vun engem Z\u00e4nn ze restaur\u00e9ieren.<\/strong><\/p>\n<p>&nbsp;<\/p>\n<p> Dee gr\u00e9isste Virdeel, deen et g\u00e9intiwwer traditionellem Z\u00e4nnamalgam huet, ass s\u00e4in kosmetescht Ausgesinn, well et bal onsichtbar mat \u00c4ren Z\u00e4nn iwwereneest\u00ebmmt, wouduerch se e sch\u00e9int an natierlecht Ausgesinn kr\u00e9ien. En typescht Komposit besteet aus enger Harzmatrix an engem anorganesche F\u00ebllstoff. De F\u00ebllstoff verbessert d\u00e9i mechanesch Eegeschaften, d&#8217;Transparenz an d&#8217;Verschlei\u00dfbest\u00e4ndegkeet vum Komposit. <\/p>\n<p>Ausser et g\u00ebtt speziell Bedenken, ass eng Kompositf\u00ebllung eng relativ einfach Prozedur, d\u00e9i an engem eenzege Besuch ofgeschloss ka ginn.<\/p>\n<ul>\n<li>Zu Ufank vun \u00c4rem Besuch wielt den Z\u00e4nndokter d&#8217;Faarf vum Komposit aus, deen an \u00c4rer Plomb benotzt soll ginn. Laut e puer Studien ass et am beschten, d\u00ebs Iwwereneest\u00ebmmung fr\u00e9i festzestellen, ier \u00c4re Mond an \u00c4r Z\u00e4nn dr\u00e9chnen an d&#8217;Hellegkeet vun \u00c4ren Z\u00e4nn beaflossen. <\/li>\n<li>Dir kritt eng Dosis vun engem bet\u00e4ubende Medikament fir den Z\u00e4nn an d&#8217;\u00cbmg\u00e9igend fir lokal An\u00e4sthesie ze berouegen.<\/li>\n<li>Duerno g\u00ebtt duerch den Email vun \u00c4rem Z\u00e4nn gebuert an den zerfallenen Deel vun \u00c4rem Z\u00e4nn ewechgeholl.<\/li>\n<li>Duerno g\u00ebtt d&#8217;Regioun gebotzt an gedr\u00e9chent, fir se op d&#8217;Applikatioun vum Harz virzebereeden. Am Fall vu m\u00e9i groussen Schued kann et och n\u00e9ideg sinn, d&#8217;Z\u00e4nn ze ras\u00e9ieren, fir d&#8217;Uewerfl\u00e4ch gl\u00e4ichm\u00e9isseg ze maachen. <\/li>\n<li>Den Z\u00e4nn g\u00ebtt ge\u00e4tzt a gebonde.<\/li>\n<li>D&#8217;Kompositmaterial g\u00ebtt dann an d&#8217;gebuert Lach geluecht. E speziellt Liicht fir d&#8217;Aush\u00e4rtung g\u00ebtt benotzt fir d&#8217;Kompositf\u00ebllung ze fix\u00e9ieren. Well d&#8217;Komposit a Stufen ubruecht g\u00ebtt, g\u00ebtt d&#8217;Liicht benotzt fir all Schicht auszeh\u00e4rten, ier mat der n\u00e4chster weidergeet.  <\/li>\n<li>Schlussendlech g\u00ebtt den Z\u00e4nn geformt a kontur\u00e9iert, ier e pol\u00e9iert g\u00ebtt.<\/li>\n<li>Den Z\u00e4nndokter w\u00e4ert \u00c4re Biss no der Prozedur \u00ebnnersichen, fir s\u00e9cherzestellen, datt d&#8217;Resultater w\u00e9i gew\u00ebnscht waren.<\/li>\n<\/ul>\n<blockquote><p>Et muss een am Kapp behalen, datt et kuerz nom Enn vun der Prozedur eng kleng Empfindlechkeet g\u00e9intiwwer H\u00ebtzt a Keelt g\u00ebtt, awer si verschw\u00ebnnt normalerweis no kuerzer Z\u00e4it vun eleng.<\/p><\/blockquote>\n<h2><strong>Virdeeler vu Kompositharzf\u00ebllungen <\/strong><\/h2>\n<ul>\n<li><em>Haltbarkeet<\/em><\/li>\n<li><em>Natierlecht Ausgesinn (Z\u00e4nnfaarf)<\/em><\/li>\n<li><em>N\u00ebmmen ee Besuch ass n\u00e9ideg fir ofzeschl\u00e9issen<\/em><\/li>\n<li><em>Resistent g\u00e9int Broch<\/em><\/li>\n<li><em>Kann benotzt ginn fir kleng M\u00e4ngel souw\u00e9i gr\u00e9isser Schued ze repar\u00e9ieren<\/em><\/li>\n<li><em>Wenig bis guer keng Temperaturempfindlechkeet no der Prozedur<\/em><\/li>\n<\/ul>\n<p>Et g\u00ebtt aner Alternativen zu Z\u00e4nnkomposit-Harzf\u00ebllungen, w\u00e9i z. B.<a href=\"https:\/\/talpadent.lu\/lb\/zann-onlay-innovativ-erhaalung-vun-arem-dentin-an-email\/\"> Z\u00e4nn-Inlays &amp; Onlays<\/a>, souw\u00e9i eng <a href=\"https:\/\/talpadent.lu\/lb\/haaptunterschiede-tescht-enger-zannkroun-aus-kompositharz-a-keramik\/\">Z\u00e4nnkroun<\/a>. D&#8217;Wiel vun der Prozedur h\u00e4nkt awer vun enger Rei vu Faktoren of, dor\u00ebnner den \u00cbmfang vun der Reparatur, d&#8217;Lag vun der Kavit\u00e9it\/der beschiedegter Regioun an \u00c4rem Mond an d&#8217;K\u00e4schten. <\/p>\n<p>Wann Dir nach keng \u00c4ntwert op \u00c4r Froen kritt hutt, z\u00e9ckt net eis all Fro an der Rubrik hei \u00ebnnendr\u00ebnner ze stellen, mir \u00e4ntweren sou s\u00e9ier w\u00e9i m\u00e9iglech. Wann Dir d\u00ebsen Artikel n\u00ebtzlech fannt, invit\u00e9iere mir Iech, eis e Kommentar an der Kommentarsektioun ze hannerloossen. <\/p>\n<p><img decoding=\"async\" class=\"aligncenter wp-image-2154 size-thumbnail\" src=\"https:\/\/talpadent.lu\/wp-content\/uploads\/2023\/06\/Logo-Talpadent.lu_-150x150.png\" alt=\"Eng Illustratioun vun enger \u00cbnnerschr\u00ebft vum Dr. TALPA, Auteur vun der S\u00e4it an dem Schreiwer vun de Blogartikelen. Den Zweck vun d\u00ebser Illustratioun ass den Inhalt vun d\u00ebsem Blogartikel ze best\u00e4tegen; de Lieser kann s\u00e9cher sinn, datt d'Informatioun gutt recherch\u00e9iert ass a vun engem Dokter geschriwwe gouf.\" width=\"150\" height=\"150\"><\/p>\n","protected":false},"excerpt":{"rendered":"<p>Hautdesdaags froen d&#8217;Patienten dacks \u00ebm \u00e4sthetesch Z\u00e4nnpflaumen, d\u00e9i dacks benotzt gi fir L\u00e4cher an den Z\u00e4nn ze f\u00ebllen. Z\u00e4nnkompositharz ass eng z\u00e4nnfaarweg Restauratiounssubstanz (\u00e4sthetesch Z\u00e4nnplomben), d\u00e9i g\u00ebtt vun Z\u00e4nndokteren benotzt fir en zerfallenen Deel vun engem Z\u00e4nn ze restaur\u00e9ieren. &nbsp; Dee gr\u00e9isste Virdeel, deen et g\u00e9intiwwer traditionellem Z\u00e4nnamalgam huet, ass s\u00e4in kosmetescht Ausgesinn, well et [&hellip;]<\/p>\n","protected":false},"author":1,"featured_media":5252,"comment_status":"open","ping_status":"open","sticky":false,"template":"","format":"standard","meta":{"footnotes":""},"categories":[112,114,113],"tags":[123,125,121,122,124],"class_list":["post-5253","post","type-post","status-publish","format-standard","has-post-thumbnail","hentry","category-asthetesch-zanndokter","category-konservativ-zanndokter","category-restaurativ-zannmedezin","tag-inlay-onlay","tag-prothesen-op-implantater","tag-zann-fellungen","tag-zann-krounen","tag-zann-prothese"],"yoast_head":"<!-- This site is optimized with the Yoast SEO plugin v27.4 - https:\/\/yoast.com\/product\/yoast-seo-wordpress\/ -->\n<title>Firwat benotzt en Z\u00e4nndokter Kompositharz fir \u00e4sthetesch Z\u00e4nnf\u00ebllungen ze kr\u00e9ien? - Talpa<\/title>\n<meta name=\"description\" content=\"D\u00ebse Blog w\u00e4ert Iech iwwer alles inform\u00e9ieren, wat et iwwer \u00e4sthetesch &amp; adh\u00e4siv Z\u00e4nnf\u00ebllungen ze w\u00ebssen g\u00ebtt, a vu mir, dem Dr. TALPA Viorel a mengem Team.\" \/>\n<meta name=\"robots\" content=\"index, follow, max-snippet:-1, max-image-preview:large, max-video-preview:-1\" \/>\n<link rel=\"canonical\" href=\"https:\/\/talpadent.lu\/lb\/firwat-benotzt-en-zanndokter-kompositharz-fir-asthetesch-zannfellungen-ze-kreien\/\" \/>\n<meta property=\"og:locale\" content=\"en_US\" \/>\n<meta property=\"og:type\" content=\"article\" \/>\n<meta property=\"og:title\" content=\"Firwat benotzt en Z\u00e4nndokter Kompositharz fir \u00e4sthetesch Z\u00e4nnf\u00ebllungen ze kr\u00e9ien? - Talpa\" \/>\n<meta property=\"og:description\" content=\"D\u00ebse Blog w\u00e4ert Iech iwwer alles inform\u00e9ieren, wat et iwwer \u00e4sthetesch &amp; adh\u00e4siv Z\u00e4nnf\u00ebllungen ze w\u00ebssen g\u00ebtt, a vu mir, dem Dr. TALPA Viorel a mengem Team.\" \/>\n<meta property=\"og:url\" content=\"https:\/\/talpadent.lu\/lb\/firwat-benotzt-en-zanndokter-kompositharz-fir-asthetesch-zannfellungen-ze-kreien\/\" \/>\n<meta property=\"og:site_name\" content=\"Talpa\" \/>\n<meta property=\"article:published_time\" content=\"2023-08-15T12:13:59+00:00\" \/>\n<meta property=\"article:modified_time\" content=\"2026-04-17T15:14:30+00:00\" \/>\n<meta property=\"og:image\" content=\"https:\/\/talpadent.lu\/wp-content\/uploads\/2023\/12\/dentist-using-dental-curing-uv-lamp-on-teeth-of-patient.jpg\" \/>\n\t<meta property=\"og:image:width\" content=\"2000\" \/>\n\t<meta property=\"og:image:height\" content=\"1055\" \/>\n\t<meta property=\"og:image:type\" content=\"image\/jpeg\" \/>\n<meta name=\"author\" content=\"admin\" \/>\n<meta name=\"twitter:card\" content=\"summary_large_image\" \/>\n<meta name=\"twitter:label1\" content=\"Written by\" \/>\n\t<meta name=\"twitter:data1\" content=\"admin\" \/>\n\t<meta name=\"twitter:label2\" content=\"Est. reading time\" \/>\n\t<meta name=\"twitter:data2\" content=\"3 minutes\" \/>\n<script type=\"application\/ld+json\" class=\"yoast-schema-graph\">{\"@context\":\"https:\\\/\\\/schema.org\",\"@graph\":[{\"@type\":\"Article\",\"@id\":\"https:\\\/\\\/talpadent.lu\\\/lb\\\/firwat-benotzt-en-zanndokter-kompositharz-fir-asthetesch-zannfellungen-ze-kreien\\\/#article\",\"isPartOf\":{\"@id\":\"https:\\\/\\\/talpadent.lu\\\/lb\\\/firwat-benotzt-en-zanndokter-kompositharz-fir-asthetesch-zannfellungen-ze-kreien\\\/\"},\"author\":{\"name\":\"admin\",\"@id\":\"https:\\\/\\\/talpadent.lu\\\/lb\\\/#\\\/schema\\\/person\\\/8243d213f72d21b76a4edefd9db9aa2a\"},\"headline\":\"Firwat benotzt en Z\u00e4nndokter Kompositharz fir \u00e4sthetesch Z\u00e4nnf\u00ebllungen ze kr\u00e9ien?\",\"datePublished\":\"2023-08-15T12:13:59+00:00\",\"dateModified\":\"2026-04-17T15:14:30+00:00\",\"mainEntityOfPage\":{\"@id\":\"https:\\\/\\\/talpadent.lu\\\/lb\\\/firwat-benotzt-en-zanndokter-kompositharz-fir-asthetesch-zannfellungen-ze-kreien\\\/\"},\"wordCount\":590,\"commentCount\":0,\"publisher\":{\"@id\":\"https:\\\/\\\/talpadent.lu\\\/lb\\\/#\\\/schema\\\/person\\\/8243d213f72d21b76a4edefd9db9aa2a\"},\"image\":{\"@id\":\"https:\\\/\\\/talpadent.lu\\\/lb\\\/firwat-benotzt-en-zanndokter-kompositharz-fir-asthetesch-zannfellungen-ze-kreien\\\/#primaryimage\"},\"thumbnailUrl\":\"https:\\\/\\\/talpadent.lu\\\/wp-content\\\/uploads\\\/2023\\\/12\\\/dentist-using-dental-curing-uv-lamp-on-teeth-of-patient.jpg\",\"keywords\":[\"Inlay \\\/ Onlay\",\"Prothesen op Implantater\",\"Z\u00e4nn F\u00ebllungen\",\"Z\u00e4nn Krounen\",\"Z\u00e4nn Prothese\"],\"articleSection\":[\"\u00c4sthetesch Z\u00e4nndokter\",\"Konservativ Z\u00e4nndokter\",\"Restaurativ Z\u00e4nnmedezin\"],\"inLanguage\":\"lb-LB\",\"potentialAction\":[{\"@type\":\"CommentAction\",\"name\":\"Comment\",\"target\":[\"https:\\\/\\\/talpadent.lu\\\/lb\\\/firwat-benotzt-en-zanndokter-kompositharz-fir-asthetesch-zannfellungen-ze-kreien\\\/#respond\"]}]},{\"@type\":\"WebPage\",\"@id\":\"https:\\\/\\\/talpadent.lu\\\/lb\\\/firwat-benotzt-en-zanndokter-kompositharz-fir-asthetesch-zannfellungen-ze-kreien\\\/\",\"url\":\"https:\\\/\\\/talpadent.lu\\\/lb\\\/firwat-benotzt-en-zanndokter-kompositharz-fir-asthetesch-zannfellungen-ze-kreien\\\/\",\"name\":\"Firwat benotzt en Z\u00e4nndokter Kompositharz fir \u00e4sthetesch Z\u00e4nnf\u00ebllungen ze kr\u00e9ien? - Talpa\",\"isPartOf\":{\"@id\":\"https:\\\/\\\/talpadent.lu\\\/lb\\\/#website\"},\"primaryImageOfPage\":{\"@id\":\"https:\\\/\\\/talpadent.lu\\\/lb\\\/firwat-benotzt-en-zanndokter-kompositharz-fir-asthetesch-zannfellungen-ze-kreien\\\/#primaryimage\"},\"image\":{\"@id\":\"https:\\\/\\\/talpadent.lu\\\/lb\\\/firwat-benotzt-en-zanndokter-kompositharz-fir-asthetesch-zannfellungen-ze-kreien\\\/#primaryimage\"},\"thumbnailUrl\":\"https:\\\/\\\/talpadent.lu\\\/wp-content\\\/uploads\\\/2023\\\/12\\\/dentist-using-dental-curing-uv-lamp-on-teeth-of-patient.jpg\",\"datePublished\":\"2023-08-15T12:13:59+00:00\",\"dateModified\":\"2026-04-17T15:14:30+00:00\",\"description\":\"D\u00ebse Blog w\u00e4ert Iech iwwer alles inform\u00e9ieren, wat et iwwer \u00e4sthetesch & adh\u00e4siv Z\u00e4nnf\u00ebllungen ze w\u00ebssen g\u00ebtt, a vu mir, dem Dr. TALPA Viorel a mengem Team.\",\"breadcrumb\":{\"@id\":\"https:\\\/\\\/talpadent.lu\\\/lb\\\/firwat-benotzt-en-zanndokter-kompositharz-fir-asthetesch-zannfellungen-ze-kreien\\\/#breadcrumb\"},\"inLanguage\":\"lb-LB\",\"potentialAction\":[{\"@type\":\"ReadAction\",\"target\":[\"https:\\\/\\\/talpadent.lu\\\/lb\\\/firwat-benotzt-en-zanndokter-kompositharz-fir-asthetesch-zannfellungen-ze-kreien\\\/\"]}]},{\"@type\":\"ImageObject\",\"inLanguage\":\"lb-LB\",\"@id\":\"https:\\\/\\\/talpadent.lu\\\/lb\\\/firwat-benotzt-en-zanndokter-kompositharz-fir-asthetesch-zannfellungen-ze-kreien\\\/#primaryimage\",\"url\":\"https:\\\/\\\/talpadent.lu\\\/wp-content\\\/uploads\\\/2023\\\/12\\\/dentist-using-dental-curing-uv-lamp-on-teeth-of-patient.jpg\",\"contentUrl\":\"https:\\\/\\\/talpadent.lu\\\/wp-content\\\/uploads\\\/2023\\\/12\\\/dentist-using-dental-curing-uv-lamp-on-teeth-of-patient.jpg\",\"width\":2000,\"height\":1055,\"caption\":\"Z\u00e4nndokter benotzt UV-Lampe fir d'Z\u00e4nnh\u00e4rtung op engem Patient\"},{\"@type\":\"BreadcrumbList\",\"@id\":\"https:\\\/\\\/talpadent.lu\\\/lb\\\/firwat-benotzt-en-zanndokter-kompositharz-fir-asthetesch-zannfellungen-ze-kreien\\\/#breadcrumb\",\"itemListElement\":[{\"@type\":\"ListItem\",\"position\":1,\"name\":\"Home\",\"item\":\"https:\\\/\\\/talpadent.lu\\\/lb\\\/\"},{\"@type\":\"ListItem\",\"position\":2,\"name\":\"Firwat benotzt en Z\u00e4nndokter Kompositharz fir \u00e4sthetesch Z\u00e4nnf\u00ebllungen ze kr\u00e9ien?\"}]},{\"@type\":\"WebSite\",\"@id\":\"https:\\\/\\\/talpadent.lu\\\/lb\\\/#website\",\"url\":\"https:\\\/\\\/talpadent.lu\\\/lb\\\/\",\"name\":\"Talpa\",\"description\":\"\",\"publisher\":{\"@id\":\"https:\\\/\\\/talpadent.lu\\\/lb\\\/#\\\/schema\\\/person\\\/8243d213f72d21b76a4edefd9db9aa2a\"},\"potentialAction\":[{\"@type\":\"SearchAction\",\"target\":{\"@type\":\"EntryPoint\",\"urlTemplate\":\"https:\\\/\\\/talpadent.lu\\\/lb\\\/?s={search_term_string}\"},\"query-input\":{\"@type\":\"PropertyValueSpecification\",\"valueRequired\":true,\"valueName\":\"search_term_string\"}}],\"inLanguage\":\"lb-LB\"},{\"@type\":[\"Person\",\"Organization\"],\"@id\":\"https:\\\/\\\/talpadent.lu\\\/lb\\\/#\\\/schema\\\/person\\\/8243d213f72d21b76a4edefd9db9aa2a\",\"name\":\"admin\",\"image\":{\"@type\":\"ImageObject\",\"inLanguage\":\"lb-LB\",\"@id\":\"https:\\\/\\\/talpadent.lu\\\/wp-content\\\/uploads\\\/2023\\\/04\\\/Logo_Talpadent.lu-1-e1771352825857.png\",\"url\":\"https:\\\/\\\/talpadent.lu\\\/wp-content\\\/uploads\\\/2023\\\/04\\\/Logo_Talpadent.lu-1-e1771352825857.png\",\"contentUrl\":\"https:\\\/\\\/talpadent.lu\\\/wp-content\\\/uploads\\\/2023\\\/04\\\/Logo_Talpadent.lu-1-e1771352825857.png\",\"width\":598,\"height\":600,\"caption\":\"admin\"},\"logo\":{\"@id\":\"https:\\\/\\\/talpadent.lu\\\/wp-content\\\/uploads\\\/2023\\\/04\\\/Logo_Talpadent.lu-1-e1771352825857.png\"},\"sameAs\":[\"https:\\\/\\\/talpadent.lu\"],\"url\":\"https:\\\/\\\/talpadent.lu\\\/lb\\\/author\\\/admin\\\/\"}]}<\/script>\n<!-- \/ Yoast SEO plugin. -->","yoast_head_json":{"title":"Firwat benotzt en Z\u00e4nndokter Kompositharz fir \u00e4sthetesch Z\u00e4nnf\u00ebllungen ze kr\u00e9ien? - Talpa","description":"D\u00ebse Blog w\u00e4ert Iech iwwer alles inform\u00e9ieren, wat et iwwer \u00e4sthetesch & adh\u00e4siv Z\u00e4nnf\u00ebllungen ze w\u00ebssen g\u00ebtt, a vu mir, dem Dr. TALPA Viorel a mengem Team.","robots":{"index":"index","follow":"follow","max-snippet":"max-snippet:-1","max-image-preview":"max-image-preview:large","max-video-preview":"max-video-preview:-1"},"canonical":"https:\/\/talpadent.lu\/lb\/firwat-benotzt-en-zanndokter-kompositharz-fir-asthetesch-zannfellungen-ze-kreien\/","og_locale":"en_US","og_type":"article","og_title":"Firwat benotzt en Z\u00e4nndokter Kompositharz fir \u00e4sthetesch Z\u00e4nnf\u00ebllungen ze kr\u00e9ien? - Talpa","og_description":"D\u00ebse Blog w\u00e4ert Iech iwwer alles inform\u00e9ieren, wat et iwwer \u00e4sthetesch & adh\u00e4siv Z\u00e4nnf\u00ebllungen ze w\u00ebssen g\u00ebtt, a vu mir, dem Dr. TALPA Viorel a mengem Team.","og_url":"https:\/\/talpadent.lu\/lb\/firwat-benotzt-en-zanndokter-kompositharz-fir-asthetesch-zannfellungen-ze-kreien\/","og_site_name":"Talpa","article_published_time":"2023-08-15T12:13:59+00:00","article_modified_time":"2026-04-17T15:14:30+00:00","og_image":[{"width":2000,"height":1055,"url":"https:\/\/talpadent.lu\/wp-content\/uploads\/2023\/12\/dentist-using-dental-curing-uv-lamp-on-teeth-of-patient.jpg","type":"image\/jpeg"}],"author":"admin","twitter_card":"summary_large_image","twitter_misc":{"Written by":"admin","Est. reading time":"3 minutes"},"schema":{"@context":"https:\/\/schema.org","@graph":[{"@type":"Article","@id":"https:\/\/talpadent.lu\/lb\/firwat-benotzt-en-zanndokter-kompositharz-fir-asthetesch-zannfellungen-ze-kreien\/#article","isPartOf":{"@id":"https:\/\/talpadent.lu\/lb\/firwat-benotzt-en-zanndokter-kompositharz-fir-asthetesch-zannfellungen-ze-kreien\/"},"author":{"name":"admin","@id":"https:\/\/talpadent.lu\/lb\/#\/schema\/person\/8243d213f72d21b76a4edefd9db9aa2a"},"headline":"Firwat benotzt en Z\u00e4nndokter Kompositharz fir \u00e4sthetesch Z\u00e4nnf\u00ebllungen ze kr\u00e9ien?","datePublished":"2023-08-15T12:13:59+00:00","dateModified":"2026-04-17T15:14:30+00:00","mainEntityOfPage":{"@id":"https:\/\/talpadent.lu\/lb\/firwat-benotzt-en-zanndokter-kompositharz-fir-asthetesch-zannfellungen-ze-kreien\/"},"wordCount":590,"commentCount":0,"publisher":{"@id":"https:\/\/talpadent.lu\/lb\/#\/schema\/person\/8243d213f72d21b76a4edefd9db9aa2a"},"image":{"@id":"https:\/\/talpadent.lu\/lb\/firwat-benotzt-en-zanndokter-kompositharz-fir-asthetesch-zannfellungen-ze-kreien\/#primaryimage"},"thumbnailUrl":"https:\/\/talpadent.lu\/wp-content\/uploads\/2023\/12\/dentist-using-dental-curing-uv-lamp-on-teeth-of-patient.jpg","keywords":["Inlay \/ Onlay","Prothesen op Implantater","Z\u00e4nn F\u00ebllungen","Z\u00e4nn Krounen","Z\u00e4nn Prothese"],"articleSection":["\u00c4sthetesch Z\u00e4nndokter","Konservativ Z\u00e4nndokter","Restaurativ Z\u00e4nnmedezin"],"inLanguage":"lb-LB","potentialAction":[{"@type":"CommentAction","name":"Comment","target":["https:\/\/talpadent.lu\/lb\/firwat-benotzt-en-zanndokter-kompositharz-fir-asthetesch-zannfellungen-ze-kreien\/#respond"]}]},{"@type":"WebPage","@id":"https:\/\/talpadent.lu\/lb\/firwat-benotzt-en-zanndokter-kompositharz-fir-asthetesch-zannfellungen-ze-kreien\/","url":"https:\/\/talpadent.lu\/lb\/firwat-benotzt-en-zanndokter-kompositharz-fir-asthetesch-zannfellungen-ze-kreien\/","name":"Firwat benotzt en Z\u00e4nndokter Kompositharz fir \u00e4sthetesch Z\u00e4nnf\u00ebllungen ze kr\u00e9ien? - Talpa","isPartOf":{"@id":"https:\/\/talpadent.lu\/lb\/#website"},"primaryImageOfPage":{"@id":"https:\/\/talpadent.lu\/lb\/firwat-benotzt-en-zanndokter-kompositharz-fir-asthetesch-zannfellungen-ze-kreien\/#primaryimage"},"image":{"@id":"https:\/\/talpadent.lu\/lb\/firwat-benotzt-en-zanndokter-kompositharz-fir-asthetesch-zannfellungen-ze-kreien\/#primaryimage"},"thumbnailUrl":"https:\/\/talpadent.lu\/wp-content\/uploads\/2023\/12\/dentist-using-dental-curing-uv-lamp-on-teeth-of-patient.jpg","datePublished":"2023-08-15T12:13:59+00:00","dateModified":"2026-04-17T15:14:30+00:00","description":"D\u00ebse Blog w\u00e4ert Iech iwwer alles inform\u00e9ieren, wat et iwwer \u00e4sthetesch & adh\u00e4siv Z\u00e4nnf\u00ebllungen ze w\u00ebssen g\u00ebtt, a vu mir, dem Dr. TALPA Viorel a mengem Team.","breadcrumb":{"@id":"https:\/\/talpadent.lu\/lb\/firwat-benotzt-en-zanndokter-kompositharz-fir-asthetesch-zannfellungen-ze-kreien\/#breadcrumb"},"inLanguage":"lb-LB","potentialAction":[{"@type":"ReadAction","target":["https:\/\/talpadent.lu\/lb\/firwat-benotzt-en-zanndokter-kompositharz-fir-asthetesch-zannfellungen-ze-kreien\/"]}]},{"@type":"ImageObject","inLanguage":"lb-LB","@id":"https:\/\/talpadent.lu\/lb\/firwat-benotzt-en-zanndokter-kompositharz-fir-asthetesch-zannfellungen-ze-kreien\/#primaryimage","url":"https:\/\/talpadent.lu\/wp-content\/uploads\/2023\/12\/dentist-using-dental-curing-uv-lamp-on-teeth-of-patient.jpg","contentUrl":"https:\/\/talpadent.lu\/wp-content\/uploads\/2023\/12\/dentist-using-dental-curing-uv-lamp-on-teeth-of-patient.jpg","width":2000,"height":1055,"caption":"Z\u00e4nndokter benotzt UV-Lampe fir d'Z\u00e4nnh\u00e4rtung op engem Patient"},{"@type":"BreadcrumbList","@id":"https:\/\/talpadent.lu\/lb\/firwat-benotzt-en-zanndokter-kompositharz-fir-asthetesch-zannfellungen-ze-kreien\/#breadcrumb","itemListElement":[{"@type":"ListItem","position":1,"name":"Home","item":"https:\/\/talpadent.lu\/lb\/"},{"@type":"ListItem","position":2,"name":"Firwat benotzt en Z\u00e4nndokter Kompositharz fir \u00e4sthetesch Z\u00e4nnf\u00ebllungen ze kr\u00e9ien?"}]},{"@type":"WebSite","@id":"https:\/\/talpadent.lu\/lb\/#website","url":"https:\/\/talpadent.lu\/lb\/","name":"Talpa","description":"","publisher":{"@id":"https:\/\/talpadent.lu\/lb\/#\/schema\/person\/8243d213f72d21b76a4edefd9db9aa2a"},"potentialAction":[{"@type":"SearchAction","target":{"@type":"EntryPoint","urlTemplate":"https:\/\/talpadent.lu\/lb\/?s={search_term_string}"},"query-input":{"@type":"PropertyValueSpecification","valueRequired":true,"valueName":"search_term_string"}}],"inLanguage":"lb-LB"},{"@type":["Person","Organization"],"@id":"https:\/\/talpadent.lu\/lb\/#\/schema\/person\/8243d213f72d21b76a4edefd9db9aa2a","name":"admin","image":{"@type":"ImageObject","inLanguage":"lb-LB","@id":"https:\/\/talpadent.lu\/wp-content\/uploads\/2023\/04\/Logo_Talpadent.lu-1-e1771352825857.png","url":"https:\/\/talpadent.lu\/wp-content\/uploads\/2023\/04\/Logo_Talpadent.lu-1-e1771352825857.png","contentUrl":"https:\/\/talpadent.lu\/wp-content\/uploads\/2023\/04\/Logo_Talpadent.lu-1-e1771352825857.png","width":598,"height":600,"caption":"admin"},"logo":{"@id":"https:\/\/talpadent.lu\/wp-content\/uploads\/2023\/04\/Logo_Talpadent.lu-1-e1771352825857.png"},"sameAs":["https:\/\/talpadent.lu"],"url":"https:\/\/talpadent.lu\/lb\/author\/admin\/"}]}},"_links":{"self":[{"href":"https:\/\/talpadent.lu\/lb\/wp-json\/wp\/v2\/posts\/5253","targetHints":{"allow":["GET"]}}],"collection":[{"href":"https:\/\/talpadent.lu\/lb\/wp-json\/wp\/v2\/posts"}],"about":[{"href":"https:\/\/talpadent.lu\/lb\/wp-json\/wp\/v2\/types\/post"}],"author":[{"embeddable":true,"href":"https:\/\/talpadent.lu\/lb\/wp-json\/wp\/v2\/users\/1"}],"replies":[{"embeddable":true,"href":"https:\/\/talpadent.lu\/lb\/wp-json\/wp\/v2\/comments?post=5253"}],"version-history":[{"count":1,"href":"https:\/\/talpadent.lu\/lb\/wp-json\/wp\/v2\/posts\/5253\/revisions"}],"predecessor-version":[{"id":6099,"href":"https:\/\/talpadent.lu\/lb\/wp-json\/wp\/v2\/posts\/5253\/revisions\/6099"}],"wp:featuredmedia":[{"embeddable":true,"href":"https:\/\/talpadent.lu\/lb\/wp-json\/wp\/v2\/media\/5252"}],"wp:attachment":[{"href":"https:\/\/talpadent.lu\/lb\/wp-json\/wp\/v2\/media?parent=5253"}],"wp:term":[{"taxonomy":"category","embeddable":true,"href":"https:\/\/talpadent.lu\/lb\/wp-json\/wp\/v2\/categories?post=5253"},{"taxonomy":"post_tag","embeddable":true,"href":"https:\/\/talpadent.lu\/lb\/wp-json\/wp\/v2\/tags?post=5253"}],"curies":[{"name":"wp","href":"https:\/\/api.w.org\/{rel}","templated":true}]}}