{"id":3261,"date":"2025-11-04T02:56:19","date_gmt":"2025-11-04T02:56:19","guid":{"rendered":"https:\/\/talpadent.lu\/descoperiti-de-ce-un-dinte-isi-schimba-culoarea-si-cum-albirea-interna-il-poate-inversa\/"},"modified":"2026-04-17T15:27:43","modified_gmt":"2026-04-17T15:27:43","slug":"descoperiti-de-ce-un-dinte-isi-schimba-culoarea-si-cum-albirea-interna-il-poate-inversa","status":"publish","type":"post","link":"https:\/\/talpadent.lu\/ro\/descoperiti-de-ce-un-dinte-isi-schimba-culoarea-si-cum-albirea-interna-il-poate-inversa\/","title":{"rendered":"Descoperi\u021bi de ce un dinte \u00ee\u0219i schimb\u0103 culoarea \u0219i cum albirea intern\u0103 \u00eel poate inversa"},"content":{"rendered":"<h2 data-start=\"285\" data-end=\"304\"><strong data-start=\"288\" data-end=\"304\">Introducere<\/strong><\/h2>\n<p data-start=\"306\" data-end=\"646\">Din\u021bii decolora\u021bi \u0219i p\u0103ta\u021bi sunt adesea o surs\u0103 de \u00eengrijorare \u0219i fac o persoan\u0103 s\u0103 fie \u00eengrijorat\u0103 \u00een privin\u021ba aspectului s\u0103u. De\u0219i cu to\u021bii apreciem din\u021bii albi \u0219i str\u0103lucitori, este corect s\u0103 spunem c\u0103 nu to\u021bi ne na\u0219tem cu un alb perlat perfect. Mul\u021bi factori genetici \u0219i de mediu pot juca un rol \u00een stabilirea culorii din\u021bilor no\u0219tri.  <\/p>\n<p data-start=\"648\" data-end=\"925\">Totu\u0219i, pot exista momente c\u00e2nd un dinte \u00eencepe s\u0103-\u0219i schimbe culoarea aproape imediat. Petele \u0219i decolor\u0103rile din\u021bilor pot fi cauzate de o multitudine de motive \u0219i exist\u0103 multe modalit\u0103\u021bi de a le trata.  <strong data-start=\"851\" data-end=\"925\">Cite\u0219te mai departe pentru a afla mai multe despre motivul pentru care din\u021bii t\u0103i se decoloreaz\u0103.<\/strong><\/p>\n<h2 data-start=\"932\" data-end=\"968\"><strong data-start=\"935\" data-end=\"968\">De ce se decoloreaz\u0103 din\u021bii?<\/strong><\/h2>\n<p data-start=\"970\" data-end=\"1036\">Petele de pe din\u021bi pot fi de dou\u0103 tipuri: extrinseci \u0219i intrinseci.<\/p>\n<h3 data-start=\"1043\" data-end=\"1067\"><strong data-start=\"1047\" data-end=\"1067\">Cauze extrinseci<\/strong><\/h3>\n<p data-start=\"1069\" data-end=\"1320\">Petele extrinseci sunt prezente pe suprafa\u021ba extern\u0103 a din\u021bilor \u0219i sunt rezultatul uzurii, factorilor de mediu \u0219i obiceiurilor alimentare, cum ar fi consumul excesiv de cafea \u0219i ceai, b\u0103uturile carbogazoase \u0219i fumatul sau consumul de tutun.<\/p>\n<p data-start=\"1322\" data-end=\"1435\">Petele extrinseci pot fi tratate f\u0103r\u0103 probleme cu ajutorul <a href=\"https:\/\/talpadent.lu\/ro\/albirea-dintilor\/\">procedurilor obi\u0219nuite de albire a din\u021bilor \u00een cabinet.<\/a><\/p>\n<h3 data-start=\"1442\" data-end=\"1466\"><strong data-start=\"1446\" data-end=\"1466\">Cauze intrinseci<\/strong><\/h3>\n<p data-start=\"1468\" data-end=\"1573\">P\u0103tarea intrinsec\u0103 afecteaz\u0103 straturile interioare ale unui dinte \u0219i poate ap\u0103rea din urm\u0103toarele motive:<\/p>\n<h4 data-start=\"1575\" data-end=\"1592\"><strong data-start=\"1580\" data-end=\"1592\">Genetica<\/strong><\/h4>\n<p data-start=\"1593\" data-end=\"1892\">Unii dintre noi avem din\u021bi \u00eeng\u0103lbeni\u021bi \u00een mod natural, \u00een compara\u021bie cu al\u021bii. Culoarea din\u021bilor no\u0219tri este determinat\u0103 genetic. \u00cen unele cazuri, indivizii pot fi afecta\u021bi de tulbur\u0103ri de dezvoltare, cum ar fi dentinogeneza imperfect\u0103 \u0219i anumite sindroame, care pot provoca, de asemenea, decolorarea din\u021bilor.  <\/p>\n<h4 data-start=\"1894\" data-end=\"1922\"><strong data-start=\"1899\" data-end=\"1922\">Expunerea la antibiotice<\/strong><\/h4>\n<p data-start=\"1923\" data-end=\"2279\">Anumite antibiotice, cum ar fi tetraciclina, au fost asociate cu p\u0103tarea din\u021bilor permanen\u021bi. Dac\u0103 o femeie a fost tratat\u0103 cu tetraciclin\u0103 \u00een timpul sarcinii, aceasta poate afecta din\u021bii copilului. Se \u0219tie c\u0103 aceste antibiotice provoac\u0103 o culoare verzui-maronie \u00een galben a din\u021bilor, de obicei vizibil\u0103 dup\u0103 v\u00e2rsta de \u0219ase ani, c\u00e2nd \u00eencep s\u0103 erup\u0103 din\u021bii permanen\u021bi.  <\/p>\n<h4 data-start=\"2281\" data-end=\"2296\"><strong data-start=\"2286\" data-end=\"2296\">\u00cemb\u0103tr\u00e2nire<\/strong><\/h4>\n<p data-start=\"2297\" data-end=\"2416\">Odat\u0103 cu \u00eenaintarea \u00een v\u00e2rst\u0103, smal\u021bul devine fragil \u0219i expune dentina \u00eeng\u0103lbenit\u0103 de subiacent\u0103, responsabil\u0103 pentru decolorarea din\u021bilor.<\/p>\n<h4 data-start=\"2418\" data-end=\"2459\"><strong data-start=\"2423\" data-end=\"2459\">Plombe \u0219i restaur\u0103ri dentare<\/strong><\/h4>\n<p data-start=\"2460\" data-end=\"2600\">Anumite restaur\u0103ri dentare, \u00een special amalgamul de argint, pot decolora dintele de la gri la negru, deoarece afecteaz\u0103 straturile interioare.<\/p>\n<h4 data-start=\"2602\" data-end=\"2631\"><strong data-start=\"2607\" data-end=\"2631\">Tratamentul canalului radicular<\/strong><\/h4>\n<p data-start=\"2632\" data-end=\"2748\">Din\u021bii care au suferit un tratament de canal se pot decolora \u0219i pot c\u0103p\u0103ta un aspect gri-negru.<\/p>\n<h4 data-start=\"2750\" data-end=\"2778\"><strong data-start=\"2755\" data-end=\"2778\">Traumatisme ale din\u021bilor<\/strong><\/h4>\n<p data-start=\"2779\" data-end=\"2993\">Orice leziune sau traum\u0103 poate face ca dintele s\u0103 se \u00eenchid\u0103 la culoare (gri sau negru). Acest lucru se \u00eent\u00e2mpl\u0103 deoarece pulpa dentar\u0103 este afectat\u0103, \u00eentrerup\u00e2nd alimentarea cu s\u00e2nge, ceea ce duce la moartea \u0219i schimbarea culorii dintelui. <\/p>\n<h4 data-start=\"2995\" data-end=\"3014\"><strong data-start=\"3000\" data-end=\"3014\">Din\u021bi mor\u021bi<\/strong><\/h4>\n<p data-start=\"3015\" data-end=\"3105\">Orice infec\u021bie sau traum\u0103 poate determina pierderea vitalit\u0103\u021bii unui dinte \u0219i transformarea sa \u00een ceva mai \u00eenchis la culoare sau cenu\u0219iu.<\/p>\n<h4 data-start=\"3107\" data-end=\"3142\"><strong data-start=\"3112\" data-end=\"3142\">Din\u021bi \u00eenvine\u021bi\u021bi \/ Din\u021bi roz<\/strong><\/h4>\n<p data-start=\"3143\" data-end=\"3360\">Traumatismele sau cariile pot determina s\u00e2ngele s\u0103 ias\u0103 din vasele pulpare \u0219i s\u0103 r\u0103m\u00e2n\u0103 blocat \u00een straturile dentare, d\u00e2nd o decolorare rozalie. Aceast\u0103 afec\u021biune, cunoscut\u0103 sub numele de resorb\u021bie intern\u0103, poate necesita un tratament de canal. <\/p>\n<h4 data-start=\"3362\" data-end=\"3398\"><strong data-start=\"3367\" data-end=\"3398\">Expunerea excesiv\u0103 la fluor<\/strong><\/h4>\n<p data-start=\"3399\" data-end=\"3531\">Fluorul \u00eent\u0103re\u0219te din\u021bii, dar expunerea excesiv\u0103 poate provoca fluoroz\u0103, duc\u00e2nd la dungi albicioase sau pete maronii cu gropi\u021be.<\/p>\n<h2 data-start=\"3538\" data-end=\"3594\"><strong data-start=\"3541\" data-end=\"3594\">Ce se poate face c\u00e2nd un dinte \u00ee\u0219i schimb\u0103 culoarea?<\/strong><\/h2>\n<p data-start=\"3596\" data-end=\"3808\">Multe protocoale de tratament pot fi utilizate pentru a corecta din\u021bii p\u0103ta\u021bi. Pentru acest blog, ne vom concentra pe decolorarea intrinsec\u0103 a din\u021bilor \u0219i pe modul \u00een care denti\u0219tii ca mine o pot trata cu <a href=\"https:\/\/talpadent.lu\/ro\/albirea-dintilor\/\">tehnica de albire intern\u0103.<\/a> <\/p>\n<h2 data-start=\"3815\" data-end=\"3849\"><strong data-start=\"3818\" data-end=\"3849\">Ce este albirea intern\u0103?<\/strong><\/h2>\n<p data-start=\"3851\" data-end=\"4044\">Albirea intern\u0103 \u00een Luxemburg este o metod\u0103 de albire a din\u021bilor conceput\u0103 pentru a albi din\u021bii trata\u021bi prin canal, traumatiza\u021bi sau mor\u021bi care \u0219i-au schimbat culoarea din interior.<\/p>\n<p data-start=\"4046\" data-end=\"4293\">Din\u021bii care au suferit un tratament de canal tind s\u0103 se decoloreze \u00een timp. Albirea intern\u0103 poate dura 3-4 luni pentru a ob\u021bine rezultatele dorite. Se efectueaz\u0103 evalu\u0103ri periodice pentru a se asigura c\u0103 din\u021bii trata\u021bi se potrivesc cu nuan\u021ba din\u021bilor s\u0103n\u0103to\u0219i adiacen\u021bi. <\/p>\n<h2 data-start=\"4300\" data-end=\"4339\"><strong data-start=\"4303\" data-end=\"4339\">Procedura de albire intern\u0103<\/strong><\/h2>\n<p data-start=\"4341\" data-end=\"4480\">Albirea intern\u0103 este o procedur\u0103 invaziv\u0103 de albire a din\u021bilor \u0219i este strict rezervat\u0103 din\u021bilor trata\u021bi cu canal radicular sau traumatiza\u021bi.<\/p>\n<ol data-start=\"4482\" data-end=\"5056\">\n<li data-start=\"4482\" data-end=\"4559\">\n<p data-start=\"4485\" data-end=\"4559\">Se efectueaz\u0103 un examen oral complet pentru a evalua decolorarea.<\/p>\n<\/li>\n<li data-start=\"4560\" data-end=\"4622\">\n<p data-start=\"4563\" data-end=\"4622\">Din\u021bii sunt izola\u021bi cu o dig\u0103 de cauciuc \u0219i cur\u0103\u021ba\u021bi.<\/p>\n<\/li>\n<li data-start=\"4623\" data-end=\"4662\">\n<p data-start=\"4626\" data-end=\"4662\">Nuan\u021ba curent\u0103 este \u00eenregistrat\u0103.<\/p>\n<\/li>\n<li data-start=\"4663\" data-end=\"4729\">\n<p data-start=\"4666\" data-end=\"4729\">Plomba este \u00eendep\u0103rtat\u0103 din partea superioar\u0103 a dintelui.<\/p>\n<\/li>\n<li data-start=\"4730\" data-end=\"4793\">\n<p data-start=\"4733\" data-end=\"4793\">Camera pulpar\u0103 este cur\u0103\u021bat\u0103 de orice material r\u0103mas.<\/p>\n<\/li>\n<li data-start=\"4794\" data-end=\"4871\">\n<p data-start=\"4797\" data-end=\"4871\">Peroxidul de hidrogen sau peroxidul de carbamid\u0103 se aplic\u0103 \u00een interiorul dintelui.<\/p>\n<\/li>\n<li data-start=\"4872\" data-end=\"4955\">\n<p data-start=\"4875\" data-end=\"4955\">Acest proces poate fi repetat de 2-3 ori p\u00e2n\u0103 c\u00e2nd se ob\u021bin rezultatele dorite.<\/p>\n<\/li>\n<li data-start=\"4956\" data-end=\"5056\">\n<p data-start=\"4959\" data-end=\"5056\">\u00cen final, dintele este sp\u0103lat, cur\u0103\u021bat \u0219i restaurat cu r\u0103\u0219in\u0103 compozit\u0103 de culoarea dintelui.<\/p>\n<\/li>\n<\/ol>\n<p data-start=\"5058\" data-end=\"5187\">\u26a0\ufe0f Este important s\u0103 re\u021bine\u021bi c\u0103 albirea intern\u0103 poate dura ceva timp p\u00e2n\u0103 c\u00e2nd va ap\u0103rea rezultate complete, deoarece decolorarea este profund\u0103.<\/p>\n<h2 data-start=\"5194\" data-end=\"5231\"><strong data-start=\"5197\" data-end=\"5231\">Beneficiile albirii interne<\/strong><\/h2>\n<ul data-start=\"5233\" data-end=\"5551\">\n<li data-start=\"5233\" data-end=\"5298\">\n<p data-start=\"5235\" data-end=\"5298\">Non-invaziv \u0219i accesibil ca pre\u021b \u00een compara\u021bie cu coroanele sau fa\u021betele dentare<\/p>\n<\/li>\n<li data-start=\"5299\" data-end=\"5356\">\n<p data-start=\"5301\" data-end=\"5356\">Abordare conservatoare \u2013 p\u0103streaz\u0103 structura dentar\u0103<\/p>\n<\/li>\n<li data-start=\"5357\" data-end=\"5398\">\n<p data-start=\"5359\" data-end=\"5398\">Foarte eficient \u00een \u00eendep\u0103rtarea petelor<\/p>\n<\/li>\n<li data-start=\"5399\" data-end=\"5447\">\n<p data-start=\"5401\" data-end=\"5447\"><strong data-start=\"5401\" data-end=\"5445\">\u00cembun\u0103t\u0103\u021be\u0219te aspectul \u0219i estetica din\u021bilor<\/strong><\/p>\n<\/li>\n<li data-start=\"5448\" data-end=\"5500\">\n<p data-start=\"5450\" data-end=\"5500\"><strong data-start=\"5450\" data-end=\"5498\">\u00cembun\u0103t\u0103\u021be\u0219te z\u00e2mbetul general \u0219i estetica facial\u0103<\/strong><\/p>\n<\/li>\n<li data-start=\"5501\" data-end=\"5551\">\n<p data-start=\"5503\" data-end=\"5551\">Din\u021bii mai str\u0103lucitori te pot face s\u0103 ar\u0103\u021bi mai t\u00e2n\u0103r<\/p>\n<\/li>\n<\/ul>\n<h2 data-start=\"5558\" data-end=\"5598\"><strong data-start=\"5561\" data-end=\"5598\">Albirea din\u021bilor interni este sigur\u0103?<\/strong><\/h2>\n<p data-start=\"5600\" data-end=\"5780\">Exist\u0103 o concep\u021bie gre\u0219it\u0103 conform c\u0103reia albirea intern\u0103 este periculoas\u0103. Cu toate acestea, progresele stomatologice moderne o fac o procedur\u0103 sigur\u0103 \u0219i eficient\u0103 atunci c\u00e2nd este efectuat\u0103 de un dentist calificat. <\/p>\n<p data-start=\"5782\" data-end=\"5961\">Por\u021biunea r\u0103d\u0103cinii este sigilat\u0103 pentru a se asigura c\u0103 agentul de albire nu irit\u0103 \u021besuturile precum gingiile sau osul. Prin urmare, nu exist\u0103 riscul de irita\u021bie sau deteriorare atunci c\u00e2nd este efectuat\u0103 corect. <\/p>\n<h2 data-start=\"5968\" data-end=\"6012\"><strong data-start=\"5971\" data-end=\"6012\">Exist\u0103 riscuri sau dezavantaje?<\/strong><\/h2>\n<p data-start=\"6014\" data-end=\"6083\">Ca toate tratamentele dentare, albirea intern\u0103 prezint\u0103 riscuri minore:<\/p>\n<ul data-start=\"6085\" data-end=\"6382\">\n<li data-start=\"6085\" data-end=\"6154\">\n<p data-start=\"6087\" data-end=\"6154\">Pot fi necesare mai multe program\u0103ri pentru a ob\u021bine rezultatele dorite.<\/p>\n<\/li>\n<li data-start=\"6155\" data-end=\"6229\">\n<p data-start=\"6157\" data-end=\"6229\">Dintele tratat poate p\u0103rea ini\u021bial mai alb dec\u00e2t din\u021bii adiacen\u021bi.<\/p>\n<\/li>\n<li data-start=\"6230\" data-end=\"6302\">\n<p data-start=\"6232\" data-end=\"6302\">Rezultatele dureaz\u0103 p\u00e2n\u0103 la 2 ani, dup\u0103 care pot fi necesare retu\u0219uri.<\/p>\n<\/li>\n<li data-start=\"6303\" data-end=\"6382\">\n<p data-start=\"6305\" data-end=\"6382\">Pu\u021bin mai invaziv\u0103 dec\u00e2t albirea extern\u0103, deoarece este necesar\u0103 perforarea.<\/p>\n<\/li>\n<\/ul>\n<h2 data-start=\"6389\" data-end=\"6406\"><img fetchpriority=\"high\" decoding=\"async\" class=\"wp-image-2398 size-full aligncenter\" src=\"https:\/\/talpadent.lu\/wp-content\/uploads\/2025\/11\/12345.jpeg\" alt=\"\" width=\"1000\" height=\"667\" srcset=\"https:\/\/talpadent.lu\/wp-content\/uploads\/2025\/11\/12345.jpeg 1000w, https:\/\/talpadent.lu\/wp-content\/uploads\/2025\/11\/12345-300x200.jpeg 300w, https:\/\/talpadent.lu\/wp-content\/uploads\/2025\/11\/12345-768x512.jpeg 768w\" sizes=\"(max-width: 1000px) 100vw, 1000px\" \/><\/h2>\n<h2 data-start=\"6389\" data-end=\"6406\"><strong data-start=\"6392\" data-end=\"6406\">Concluzie<\/strong><\/h2>\n<p data-start=\"6408\" data-end=\"6537\">Sper c\u0103 acest blog \u021bi-a oferit o perspectiv\u0103 profund\u0103 asupra motivului pentru care \u00ee\u021bi schimb\u0103 culoarea din\u021bilor \u0219i ce se poate face \u00een acest sens.<\/p>\n<p data-start=\"6539\" data-end=\"6740\">Dac\u0103 dintele dumneavoastr\u0103 tratat prin canal v\u0103 deranjeaz\u0103, decolorarea acestuia poate fi benefic\u0103 pentru dumneavoastr\u0103, albirea intern\u0103.<br data-start=\"6650\" data-end=\"6653\">\u00cei \u00eencurajez pe to\u021bi pacien\u021bii mei s\u0103 discute deschis cu ei \u00eenainte de a \u00eencepe orice tratament.<\/p>\n<p data-start=\"6742\" data-end=\"6939\">Dac\u0103 ave\u021bi nel\u0103muriri sau \u00eentreb\u0103ri, nu ezita\u021bi s\u0103 m\u0103 contacta\u021bi.<br data-start=\"6817\" data-end=\"6820\">Eu, Dr. Viorel Talpa, \u0219i echipa mea de profesioni\u0219ti stomatologi suntem aici pentru a v\u0103 ajuta s\u0103 ob\u021bine\u021bi o s\u0103n\u0103tate oral\u0103 excelent\u0103.<\/p>\n","protected":false},"excerpt":{"rendered":"<p>Introducere Din\u021bii decolora\u021bi \u0219i p\u0103ta\u021bi sunt adesea o surs\u0103 de \u00eengrijorare \u0219i fac o persoan\u0103 s\u0103 fie \u00eengrijorat\u0103 \u00een privin\u021ba aspectului s\u0103u. De\u0219i cu to\u021bii apreciem din\u021bii albi \u0219i str\u0103lucitori, este corect s\u0103 spunem c\u0103 nu to\u021bi ne na\u0219tem cu un alb perlat perfect. Mul\u021bi factori genetici \u0219i de mediu pot juca un rol \u00een [&hellip;]<\/p>\n","protected":false},"author":1,"featured_media":3260,"comment_status":"open","ping_status":"open","sticky":false,"template":"","format":"standard","meta":{"footnotes":""},"categories":[46],"tags":[],"class_list":["post-3261","post","type-post","status-publish","format-standard","has-post-thumbnail","hentry","category-uncategorized-ro"],"yoast_head":"<!-- This site is optimized with the Yoast SEO plugin v27.4 - https:\/\/yoast.com\/product\/yoast-seo-wordpress\/ -->\n<title>Albire intern\u0103 \u00een Luxemburg<\/title>\n<meta name=\"description\" content=\"Afl\u0103 de ce \u00ee\u0219i schimb\u0103 culoarea din\u021bilor \u0219i cum albirea intern\u0103 ajut\u0103 la inversarea decolor\u0103rii profunde. Ob\u021bine informa\u021bii de specialitate despre solu\u021bii sigure, eficiente \u0219i de durat\u0103 pentru albirea din\u021bilor.\" \/>\n<meta name=\"robots\" content=\"index, follow, max-snippet:-1, max-image-preview:large, max-video-preview:-1\" \/>\n<link rel=\"canonical\" href=\"https:\/\/talpadent.lu\/ro\/descoperiti-de-ce-un-dinte-isi-schimba-culoarea-si-cum-albirea-interna-il-poate-inversa\/\" \/>\n<meta property=\"og:locale\" content=\"ro_RO\" \/>\n<meta property=\"og:type\" content=\"article\" \/>\n<meta property=\"og:title\" content=\"Albire intern\u0103 \u00een Luxemburg\" \/>\n<meta property=\"og:description\" content=\"Afl\u0103 de ce \u00ee\u0219i schimb\u0103 culoarea din\u021bilor \u0219i cum albirea intern\u0103 ajut\u0103 la inversarea decolor\u0103rii profunde. Ob\u021bine informa\u021bii de specialitate despre solu\u021bii sigure, eficiente \u0219i de durat\u0103 pentru albirea din\u021bilor.\" \/>\n<meta property=\"og:url\" content=\"https:\/\/talpadent.lu\/ro\/descoperiti-de-ce-un-dinte-isi-schimba-culoarea-si-cum-albirea-interna-il-poate-inversa\/\" \/>\n<meta property=\"og:site_name\" content=\"Talpa\" \/>\n<meta property=\"article:published_time\" content=\"2025-11-04T02:56:19+00:00\" \/>\n<meta property=\"article:modified_time\" content=\"2026-04-17T15:27:43+00:00\" \/>\n<meta property=\"og:image\" content=\"https:\/\/talpadent.lu\/wp-content\/uploads\/2025\/11\/2-1-compressed-scaled.jpg\" \/>\n\t<meta property=\"og:image:width\" content=\"2560\" \/>\n\t<meta property=\"og:image:height\" content=\"1280\" \/>\n\t<meta property=\"og:image:type\" content=\"image\/jpeg\" \/>\n<meta name=\"author\" content=\"admin\" \/>\n<meta name=\"twitter:card\" content=\"summary_large_image\" \/>\n<meta name=\"twitter:label1\" content=\"Scris de\" \/>\n\t<meta name=\"twitter:data1\" content=\"admin\" \/>\n\t<meta name=\"twitter:label2\" content=\"Timp estimat pentru citire\" \/>\n\t<meta name=\"twitter:data2\" content=\"6 minute\" \/>\n<script type=\"application\/ld+json\" class=\"yoast-schema-graph\">{\"@context\":\"https:\\\/\\\/schema.org\",\"@graph\":[{\"@type\":\"Article\",\"@id\":\"https:\\\/\\\/talpadent.lu\\\/ro\\\/descoperiti-de-ce-un-dinte-isi-schimba-culoarea-si-cum-albirea-interna-il-poate-inversa\\\/#article\",\"isPartOf\":{\"@id\":\"https:\\\/\\\/talpadent.lu\\\/ro\\\/descoperiti-de-ce-un-dinte-isi-schimba-culoarea-si-cum-albirea-interna-il-poate-inversa\\\/\"},\"author\":{\"name\":\"admin\",\"@id\":\"https:\\\/\\\/talpadent.lu\\\/ro\\\/#\\\/schema\\\/person\\\/8243d213f72d21b76a4edefd9db9aa2a\"},\"headline\":\"Descoperi\u021bi de ce un dinte \u00ee\u0219i schimb\u0103 culoarea \u0219i cum albirea intern\u0103 \u00eel poate inversa\",\"datePublished\":\"2025-11-04T02:56:19+00:00\",\"dateModified\":\"2026-04-17T15:27:43+00:00\",\"mainEntityOfPage\":{\"@id\":\"https:\\\/\\\/talpadent.lu\\\/ro\\\/descoperiti-de-ce-un-dinte-isi-schimba-culoarea-si-cum-albirea-interna-il-poate-inversa\\\/\"},\"wordCount\":1204,\"commentCount\":0,\"publisher\":{\"@id\":\"https:\\\/\\\/talpadent.lu\\\/ro\\\/#\\\/schema\\\/person\\\/8243d213f72d21b76a4edefd9db9aa2a\"},\"image\":{\"@id\":\"https:\\\/\\\/talpadent.lu\\\/ro\\\/descoperiti-de-ce-un-dinte-isi-schimba-culoarea-si-cum-albirea-interna-il-poate-inversa\\\/#primaryimage\"},\"thumbnailUrl\":\"https:\\\/\\\/talpadent.lu\\\/wp-content\\\/uploads\\\/2025\\\/11\\\/2-1-compressed-scaled.jpg\",\"articleSection\":[\"Uncategorized @ro\"],\"inLanguage\":\"ro-RO\",\"potentialAction\":[{\"@type\":\"CommentAction\",\"name\":\"Comment\",\"target\":[\"https:\\\/\\\/talpadent.lu\\\/ro\\\/descoperiti-de-ce-un-dinte-isi-schimba-culoarea-si-cum-albirea-interna-il-poate-inversa\\\/#respond\"]}]},{\"@type\":\"WebPage\",\"@id\":\"https:\\\/\\\/talpadent.lu\\\/ro\\\/descoperiti-de-ce-un-dinte-isi-schimba-culoarea-si-cum-albirea-interna-il-poate-inversa\\\/\",\"url\":\"https:\\\/\\\/talpadent.lu\\\/ro\\\/descoperiti-de-ce-un-dinte-isi-schimba-culoarea-si-cum-albirea-interna-il-poate-inversa\\\/\",\"name\":\"Albire intern\u0103 \u00een Luxemburg\",\"isPartOf\":{\"@id\":\"https:\\\/\\\/talpadent.lu\\\/ro\\\/#website\"},\"primaryImageOfPage\":{\"@id\":\"https:\\\/\\\/talpadent.lu\\\/ro\\\/descoperiti-de-ce-un-dinte-isi-schimba-culoarea-si-cum-albirea-interna-il-poate-inversa\\\/#primaryimage\"},\"image\":{\"@id\":\"https:\\\/\\\/talpadent.lu\\\/ro\\\/descoperiti-de-ce-un-dinte-isi-schimba-culoarea-si-cum-albirea-interna-il-poate-inversa\\\/#primaryimage\"},\"thumbnailUrl\":\"https:\\\/\\\/talpadent.lu\\\/wp-content\\\/uploads\\\/2025\\\/11\\\/2-1-compressed-scaled.jpg\",\"datePublished\":\"2025-11-04T02:56:19+00:00\",\"dateModified\":\"2026-04-17T15:27:43+00:00\",\"description\":\"Afl\u0103 de ce \u00ee\u0219i schimb\u0103 culoarea din\u021bilor \u0219i cum albirea intern\u0103 ajut\u0103 la inversarea decolor\u0103rii profunde. Ob\u021bine informa\u021bii de specialitate despre solu\u021bii sigure, eficiente \u0219i de durat\u0103 pentru albirea din\u021bilor.\",\"breadcrumb\":{\"@id\":\"https:\\\/\\\/talpadent.lu\\\/ro\\\/descoperiti-de-ce-un-dinte-isi-schimba-culoarea-si-cum-albirea-interna-il-poate-inversa\\\/#breadcrumb\"},\"inLanguage\":\"ro-RO\",\"potentialAction\":[{\"@type\":\"ReadAction\",\"target\":[\"https:\\\/\\\/talpadent.lu\\\/ro\\\/descoperiti-de-ce-un-dinte-isi-schimba-culoarea-si-cum-albirea-interna-il-poate-inversa\\\/\"]}]},{\"@type\":\"ImageObject\",\"inLanguage\":\"ro-RO\",\"@id\":\"https:\\\/\\\/talpadent.lu\\\/ro\\\/descoperiti-de-ce-un-dinte-isi-schimba-culoarea-si-cum-albirea-interna-il-poate-inversa\\\/#primaryimage\",\"url\":\"https:\\\/\\\/talpadent.lu\\\/wp-content\\\/uploads\\\/2025\\\/11\\\/2-1-compressed-scaled.jpg\",\"contentUrl\":\"https:\\\/\\\/talpadent.lu\\\/wp-content\\\/uploads\\\/2025\\\/11\\\/2-1-compressed-scaled.jpg\",\"width\":2560,\"height\":1280},{\"@type\":\"BreadcrumbList\",\"@id\":\"https:\\\/\\\/talpadent.lu\\\/ro\\\/descoperiti-de-ce-un-dinte-isi-schimba-culoarea-si-cum-albirea-interna-il-poate-inversa\\\/#breadcrumb\",\"itemListElement\":[{\"@type\":\"ListItem\",\"position\":1,\"name\":\"Acas\u0103\",\"item\":\"https:\\\/\\\/talpadent.lu\\\/ro\\\/\"},{\"@type\":\"ListItem\",\"position\":2,\"name\":\"Descoperi\u021bi de ce un dinte \u00ee\u0219i schimb\u0103 culoarea \u0219i cum albirea intern\u0103 \u00eel poate inversa\"}]},{\"@type\":\"WebSite\",\"@id\":\"https:\\\/\\\/talpadent.lu\\\/ro\\\/#website\",\"url\":\"https:\\\/\\\/talpadent.lu\\\/ro\\\/\",\"name\":\"Talpa\",\"description\":\"\",\"publisher\":{\"@id\":\"https:\\\/\\\/talpadent.lu\\\/ro\\\/#\\\/schema\\\/person\\\/8243d213f72d21b76a4edefd9db9aa2a\"},\"potentialAction\":[{\"@type\":\"SearchAction\",\"target\":{\"@type\":\"EntryPoint\",\"urlTemplate\":\"https:\\\/\\\/talpadent.lu\\\/ro\\\/?s={search_term_string}\"},\"query-input\":{\"@type\":\"PropertyValueSpecification\",\"valueRequired\":true,\"valueName\":\"search_term_string\"}}],\"inLanguage\":\"ro-RO\"},{\"@type\":[\"Person\",\"Organization\"],\"@id\":\"https:\\\/\\\/talpadent.lu\\\/ro\\\/#\\\/schema\\\/person\\\/8243d213f72d21b76a4edefd9db9aa2a\",\"name\":\"admin\",\"image\":{\"@type\":\"ImageObject\",\"inLanguage\":\"ro-RO\",\"@id\":\"https:\\\/\\\/talpadent.lu\\\/wp-content\\\/uploads\\\/2023\\\/04\\\/Logo_Talpadent.lu-1-e1771352825857.png\",\"url\":\"https:\\\/\\\/talpadent.lu\\\/wp-content\\\/uploads\\\/2023\\\/04\\\/Logo_Talpadent.lu-1-e1771352825857.png\",\"contentUrl\":\"https:\\\/\\\/talpadent.lu\\\/wp-content\\\/uploads\\\/2023\\\/04\\\/Logo_Talpadent.lu-1-e1771352825857.png\",\"width\":800,\"height\":600,\"caption\":\"admin\"},\"logo\":{\"@id\":\"https:\\\/\\\/talpadent.lu\\\/wp-content\\\/uploads\\\/2023\\\/04\\\/Logo_Talpadent.lu-1-e1771352825857.png\"},\"sameAs\":[\"https:\\\/\\\/talpadent.lu\"],\"url\":\"https:\\\/\\\/talpadent.lu\\\/ro\\\/author\\\/admin\\\/\"}]}<\/script>\n<!-- \/ Yoast SEO plugin. -->","yoast_head_json":{"title":"Albire intern\u0103 \u00een Luxemburg","description":"Afl\u0103 de ce \u00ee\u0219i schimb\u0103 culoarea din\u021bilor \u0219i cum albirea intern\u0103 ajut\u0103 la inversarea decolor\u0103rii profunde. Ob\u021bine informa\u021bii de specialitate despre solu\u021bii sigure, eficiente \u0219i de durat\u0103 pentru albirea din\u021bilor.","robots":{"index":"index","follow":"follow","max-snippet":"max-snippet:-1","max-image-preview":"max-image-preview:large","max-video-preview":"max-video-preview:-1"},"canonical":"https:\/\/talpadent.lu\/ro\/descoperiti-de-ce-un-dinte-isi-schimba-culoarea-si-cum-albirea-interna-il-poate-inversa\/","og_locale":"ro_RO","og_type":"article","og_title":"Albire intern\u0103 \u00een Luxemburg","og_description":"Afl\u0103 de ce \u00ee\u0219i schimb\u0103 culoarea din\u021bilor \u0219i cum albirea intern\u0103 ajut\u0103 la inversarea decolor\u0103rii profunde. Ob\u021bine informa\u021bii de specialitate despre solu\u021bii sigure, eficiente \u0219i de durat\u0103 pentru albirea din\u021bilor.","og_url":"https:\/\/talpadent.lu\/ro\/descoperiti-de-ce-un-dinte-isi-schimba-culoarea-si-cum-albirea-interna-il-poate-inversa\/","og_site_name":"Talpa","article_published_time":"2025-11-04T02:56:19+00:00","article_modified_time":"2026-04-17T15:27:43+00:00","og_image":[{"width":2560,"height":1280,"url":"https:\/\/talpadent.lu\/wp-content\/uploads\/2025\/11\/2-1-compressed-scaled.jpg","type":"image\/jpeg"}],"author":"admin","twitter_card":"summary_large_image","twitter_misc":{"Scris de":"admin","Timp estimat pentru citire":"6 minute"},"schema":{"@context":"https:\/\/schema.org","@graph":[{"@type":"Article","@id":"https:\/\/talpadent.lu\/ro\/descoperiti-de-ce-un-dinte-isi-schimba-culoarea-si-cum-albirea-interna-il-poate-inversa\/#article","isPartOf":{"@id":"https:\/\/talpadent.lu\/ro\/descoperiti-de-ce-un-dinte-isi-schimba-culoarea-si-cum-albirea-interna-il-poate-inversa\/"},"author":{"name":"admin","@id":"https:\/\/talpadent.lu\/ro\/#\/schema\/person\/8243d213f72d21b76a4edefd9db9aa2a"},"headline":"Descoperi\u021bi de ce un dinte \u00ee\u0219i schimb\u0103 culoarea \u0219i cum albirea intern\u0103 \u00eel poate inversa","datePublished":"2025-11-04T02:56:19+00:00","dateModified":"2026-04-17T15:27:43+00:00","mainEntityOfPage":{"@id":"https:\/\/talpadent.lu\/ro\/descoperiti-de-ce-un-dinte-isi-schimba-culoarea-si-cum-albirea-interna-il-poate-inversa\/"},"wordCount":1204,"commentCount":0,"publisher":{"@id":"https:\/\/talpadent.lu\/ro\/#\/schema\/person\/8243d213f72d21b76a4edefd9db9aa2a"},"image":{"@id":"https:\/\/talpadent.lu\/ro\/descoperiti-de-ce-un-dinte-isi-schimba-culoarea-si-cum-albirea-interna-il-poate-inversa\/#primaryimage"},"thumbnailUrl":"https:\/\/talpadent.lu\/wp-content\/uploads\/2025\/11\/2-1-compressed-scaled.jpg","articleSection":["Uncategorized @ro"],"inLanguage":"ro-RO","potentialAction":[{"@type":"CommentAction","name":"Comment","target":["https:\/\/talpadent.lu\/ro\/descoperiti-de-ce-un-dinte-isi-schimba-culoarea-si-cum-albirea-interna-il-poate-inversa\/#respond"]}]},{"@type":"WebPage","@id":"https:\/\/talpadent.lu\/ro\/descoperiti-de-ce-un-dinte-isi-schimba-culoarea-si-cum-albirea-interna-il-poate-inversa\/","url":"https:\/\/talpadent.lu\/ro\/descoperiti-de-ce-un-dinte-isi-schimba-culoarea-si-cum-albirea-interna-il-poate-inversa\/","name":"Albire intern\u0103 \u00een Luxemburg","isPartOf":{"@id":"https:\/\/talpadent.lu\/ro\/#website"},"primaryImageOfPage":{"@id":"https:\/\/talpadent.lu\/ro\/descoperiti-de-ce-un-dinte-isi-schimba-culoarea-si-cum-albirea-interna-il-poate-inversa\/#primaryimage"},"image":{"@id":"https:\/\/talpadent.lu\/ro\/descoperiti-de-ce-un-dinte-isi-schimba-culoarea-si-cum-albirea-interna-il-poate-inversa\/#primaryimage"},"thumbnailUrl":"https:\/\/talpadent.lu\/wp-content\/uploads\/2025\/11\/2-1-compressed-scaled.jpg","datePublished":"2025-11-04T02:56:19+00:00","dateModified":"2026-04-17T15:27:43+00:00","description":"Afl\u0103 de ce \u00ee\u0219i schimb\u0103 culoarea din\u021bilor \u0219i cum albirea intern\u0103 ajut\u0103 la inversarea decolor\u0103rii profunde. Ob\u021bine informa\u021bii de specialitate despre solu\u021bii sigure, eficiente \u0219i de durat\u0103 pentru albirea din\u021bilor.","breadcrumb":{"@id":"https:\/\/talpadent.lu\/ro\/descoperiti-de-ce-un-dinte-isi-schimba-culoarea-si-cum-albirea-interna-il-poate-inversa\/#breadcrumb"},"inLanguage":"ro-RO","potentialAction":[{"@type":"ReadAction","target":["https:\/\/talpadent.lu\/ro\/descoperiti-de-ce-un-dinte-isi-schimba-culoarea-si-cum-albirea-interna-il-poate-inversa\/"]}]},{"@type":"ImageObject","inLanguage":"ro-RO","@id":"https:\/\/talpadent.lu\/ro\/descoperiti-de-ce-un-dinte-isi-schimba-culoarea-si-cum-albirea-interna-il-poate-inversa\/#primaryimage","url":"https:\/\/talpadent.lu\/wp-content\/uploads\/2025\/11\/2-1-compressed-scaled.jpg","contentUrl":"https:\/\/talpadent.lu\/wp-content\/uploads\/2025\/11\/2-1-compressed-scaled.jpg","width":2560,"height":1280},{"@type":"BreadcrumbList","@id":"https:\/\/talpadent.lu\/ro\/descoperiti-de-ce-un-dinte-isi-schimba-culoarea-si-cum-albirea-interna-il-poate-inversa\/#breadcrumb","itemListElement":[{"@type":"ListItem","position":1,"name":"Acas\u0103","item":"https:\/\/talpadent.lu\/ro\/"},{"@type":"ListItem","position":2,"name":"Descoperi\u021bi de ce un dinte \u00ee\u0219i schimb\u0103 culoarea \u0219i cum albirea intern\u0103 \u00eel poate inversa"}]},{"@type":"WebSite","@id":"https:\/\/talpadent.lu\/ro\/#website","url":"https:\/\/talpadent.lu\/ro\/","name":"Talpa","description":"","publisher":{"@id":"https:\/\/talpadent.lu\/ro\/#\/schema\/person\/8243d213f72d21b76a4edefd9db9aa2a"},"potentialAction":[{"@type":"SearchAction","target":{"@type":"EntryPoint","urlTemplate":"https:\/\/talpadent.lu\/ro\/?s={search_term_string}"},"query-input":{"@type":"PropertyValueSpecification","valueRequired":true,"valueName":"search_term_string"}}],"inLanguage":"ro-RO"},{"@type":["Person","Organization"],"@id":"https:\/\/talpadent.lu\/ro\/#\/schema\/person\/8243d213f72d21b76a4edefd9db9aa2a","name":"admin","image":{"@type":"ImageObject","inLanguage":"ro-RO","@id":"https:\/\/talpadent.lu\/wp-content\/uploads\/2023\/04\/Logo_Talpadent.lu-1-e1771352825857.png","url":"https:\/\/talpadent.lu\/wp-content\/uploads\/2023\/04\/Logo_Talpadent.lu-1-e1771352825857.png","contentUrl":"https:\/\/talpadent.lu\/wp-content\/uploads\/2023\/04\/Logo_Talpadent.lu-1-e1771352825857.png","width":800,"height":600,"caption":"admin"},"logo":{"@id":"https:\/\/talpadent.lu\/wp-content\/uploads\/2023\/04\/Logo_Talpadent.lu-1-e1771352825857.png"},"sameAs":["https:\/\/talpadent.lu"],"url":"https:\/\/talpadent.lu\/ro\/author\/admin\/"}]}},"_links":{"self":[{"href":"https:\/\/talpadent.lu\/ro\/wp-json\/wp\/v2\/posts\/3261","targetHints":{"allow":["GET"]}}],"collection":[{"href":"https:\/\/talpadent.lu\/ro\/wp-json\/wp\/v2\/posts"}],"about":[{"href":"https:\/\/talpadent.lu\/ro\/wp-json\/wp\/v2\/types\/post"}],"author":[{"embeddable":true,"href":"https:\/\/talpadent.lu\/ro\/wp-json\/wp\/v2\/users\/1"}],"replies":[{"embeddable":true,"href":"https:\/\/talpadent.lu\/ro\/wp-json\/wp\/v2\/comments?post=3261"}],"version-history":[{"count":1,"href":"https:\/\/talpadent.lu\/ro\/wp-json\/wp\/v2\/posts\/3261\/revisions"}],"predecessor-version":[{"id":6110,"href":"https:\/\/talpadent.lu\/ro\/wp-json\/wp\/v2\/posts\/3261\/revisions\/6110"}],"wp:featuredmedia":[{"embeddable":true,"href":"https:\/\/talpadent.lu\/ro\/wp-json\/wp\/v2\/media\/3260"}],"wp:attachment":[{"href":"https:\/\/talpadent.lu\/ro\/wp-json\/wp\/v2\/media?parent=3261"}],"wp:term":[{"taxonomy":"category","embeddable":true,"href":"https:\/\/talpadent.lu\/ro\/wp-json\/wp\/v2\/categories?post=3261"},{"taxonomy":"post_tag","embeddable":true,"href":"https:\/\/talpadent.lu\/ro\/wp-json\/wp\/v2\/tags?post=3261"}],"curies":[{"name":"wp","href":"https:\/\/api.w.org\/{rel}","templated":true}]}}