{"id":3379,"date":"2025-10-30T15:04:06","date_gmt":"2025-10-30T15:04:06","guid":{"rendered":"https:\/\/talpadent.lu\/5-recomandari-pentru-a-evita-sensibilitatea-dupa-un-tratament-de-albire-a-dintilor\/"},"modified":"2026-04-17T16:12:44","modified_gmt":"2026-04-17T16:12:44","slug":"5-recomandari-pentru-a-evita-sensibilitatea-dupa-un-tratament-de-albire-a-dintilor","status":"publish","type":"post","link":"https:\/\/talpadent.lu\/ro\/5-recomandari-pentru-a-evita-sensibilitatea-dupa-un-tratament-de-albire-a-dintilor\/","title":{"rendered":"5 recomand\u0103ri pentru a evita sensibilitatea dup\u0103 un tratament de albire a din\u021bilor"},"content":{"rendered":"<h2 data-start=\"307\" data-end=\"338\"><strong data-start=\"310\" data-end=\"338\">Ce este albirea din\u021bilor?<\/strong><\/h2>\n<p data-start=\"340\" data-end=\"764\"><strong data-start=\"340\" data-end=\"359\">Albirea din\u021bilor<\/strong> este o procedur\u0103 stomatologic\u0103 cosmetic\u0103 ce a c\u00e2\u0219tigat recent o popularitate semnificativ\u0103. Majoritatea dintre noi ne na\u0219tem de obicei cu din\u021bi albi ca laptele. Cu toate acestea, uzura regulat\u0103, obiceiurile alimentare, obiceiurile proaste precum fumatul \u0219i consumul de tutun \u0219i pericolele mediului oral pot duce la decolorarea \u0219i p\u0103tarea din\u021bilor. Acest lucru face ca din\u021bii s\u0103 \u00ee\u0219i piard\u0103 str\u0103lucirea original\u0103 \u0219i estompeaz\u0103 z\u00e2mbetul.  <\/p>\n<p data-start=\"766\" data-end=\"1244\">Acestea fiind spuse, este esen\u021bial s\u0103 recunoa\u0219tem c\u0103 nu to\u021bi ne na\u0219tem cu din\u021bi albi \u0219i perla\u021bi. Multe tulbur\u0103ri dentare de dezvoltare, cum ar fi dentinogeneza imperfect\u0103, fac ca din\u021bii s\u0103 se decoloreze \u0219i s\u0103 fie fragili. Fluoroza poate duce, de asemenea, la pete maronii, cu gropi\u021be sau albicioase pe din\u021bi. Dac\u0103 o mam\u0103 a luat tetracicline, o clas\u0103 de antibiotice \u00een timpul sarcinii, copilul poate dezvolta pete de tetraciclin\u0103 pe din\u021bi, d\u00e2nd din\u021bilor o decolorare albicioas\u0103.  <\/p>\n<p data-start=\"1246\" data-end=\"1408\">Procedurile de albire a din\u021bilor au ca scop ob\u021binerea unei luminozit\u0103\u021bi mai luminoase a din\u021bilor cu ajutorul ingredientelor active care descompun petele \u0219i decolorarea cauzat\u0103 de albire.<\/p>\n<h2 data-start=\"1415\" data-end=\"1447\"><strong data-start=\"1418\" data-end=\"1447\">Procedura de albire a dintilor<\/strong><\/h2>\n<p data-start=\"1449\" data-end=\"1679\">Procedurile de albire a din\u021bilor pot fi efectuate pe din\u021bi vitali (vii) sau non-vitali (trata\u021bi pe canal\/necroza\u021bi\/din\u021bi mor\u021bi). Cea mai frecvent\u0103 procedur\u0103 de albire a din\u021bilor este cea care se efectueaz\u0103 pe din\u021bi vitali. <\/p>\n<p data-start=\"1449\" data-end=\"1679\"><img fetchpriority=\"high\" decoding=\"async\" class=\"aligncenter wp-image-2365 size-large\" src=\"https:\/\/talpadent.lu\/wp-content\/uploads\/2025\/10\/6-1-25TaylorMadeSmilesBlog-1920w-compressed-1024x477.jpg\" alt=\"Sensibilitate la albirea din\u021bilor \" width=\"800\" height=\"373\" srcset=\"https:\/\/talpadent.lu\/wp-content\/uploads\/2025\/10\/6-1-25TaylorMadeSmilesBlog-1920w-compressed-1024x477.jpg 1024w, https:\/\/talpadent.lu\/wp-content\/uploads\/2025\/10\/6-1-25TaylorMadeSmilesBlog-1920w-compressed-300x140.jpg 300w, https:\/\/talpadent.lu\/wp-content\/uploads\/2025\/10\/6-1-25TaylorMadeSmilesBlog-1920w-compressed-768x358.jpg 768w, https:\/\/talpadent.lu\/wp-content\/uploads\/2025\/10\/6-1-25TaylorMadeSmilesBlog-1920w-compressed-1536x716.jpg 1536w, https:\/\/talpadent.lu\/wp-content\/uploads\/2025\/10\/6-1-25TaylorMadeSmilesBlog-1920w-compressed.jpg 1920w\" sizes=\"(max-width: 800px) 100vw, 800px\" \/><\/p>\n<h3 data-start=\"1681\" data-end=\"1709\"><strong data-start=\"1685\" data-end=\"1709\">Proces pas cu pas<\/strong><\/h3>\n<p data-start=\"1711\" data-end=\"1986\">\u00cen timpul <a href=\"https:\/\/talpadent.lu\/ro\/\">consulta\u021biei ini\u021biale pentru albirea din\u021bilor<\/a>, medicul dentist va efectua mai \u00eent\u00e2i un examen oral complet pentru a determina s\u0103n\u0103tatea din\u021bilor, gingiilor \u0219i a \u021besuturilor moi orale din jur. Ulterior, va fi elaborat un plan de tratament sigur \u0219i adecvat pentru dumneavoastr\u0103. <\/p>\n<p data-start=\"1988\" data-end=\"2210\">Procedura \u00eencepe cu o cur\u0103\u021bare temeinic\u0103 a din\u021bilor pentru a elimina orice acumulare de plac\u0103 \u0219i tartru de pe suprafa\u021ba din\u021bilor \u0219i de pe marginile gingiilor. Odat\u0103 ce se stabile\u0219te o s\u0103n\u0103tate oral\u0103 adecvat\u0103, \u00eencepe procesul de albire a din\u021bilor. <\/p>\n<p data-start=\"2212\" data-end=\"2556\">Se va \u00eencepe cu plasarea unei dige de cauciuc pentru a izola din\u021bii \u0219i a proteja gingiile \u0219i \u021besuturile moi orale adiacente de agen\u021bii de albire ai din\u021bilor. Apoi, din\u021bii vor fi usca\u021bi \u0219i cur\u0103\u021ba\u021bi. Medicul dentist va aplica un strat de agen\u021bi de albire ai din\u021bilor \u0219i \u00eel va l\u0103sa s\u0103 ac\u021bioneze timp de 15 minute. Ulterior, agentul este sp\u0103lat \u0219i din\u021bii sunt cur\u0103\u021ba\u021bi.   <\/p>\n<p data-start=\"2558\" data-end=\"2922\">Progresele recente au sugerat utilizarea LASERULUI \u0219i a luminii UV \u00een timpul procedurilor de albire a din\u021bilor. Expunerea din\u021bilor \u00eenc\u0103rca\u021bi cu agent de albire la lumina laser\/UV permite ingredientelor active, de obicei peroxidul de carbamid\u0103 sau peroxidul de hidrogen, s\u0103 p\u0103trund\u0103 \u00een profunzime \u00een din\u021bi. Acest lucru permite ob\u021binerea unor rezultate mai rapide \u0219i reduce vizitele, asigur\u00e2nd \u00een acela\u0219i timp siguran\u021ba procedurii.  <\/p>\n<p data-start=\"2924\" data-end=\"3120\">Este important s\u0103 re\u021bine\u021bi c\u0103 albirea din\u021bilor poate func\u021biona diferit pentru fiecare persoan\u0103. Unele persoane pot beneficia de o singur\u0103 \u0219edin\u021b\u0103, \u00een timp ce altele pot necesita vizite de urm\u0103rire pentru rezultatele dorite. <\/p>\n<h2 data-start=\"3127\" data-end=\"3157\"><strong data-start=\"3130\" data-end=\"3157\">Avantajele albirii din\u021bilor<\/strong><\/h2>\n<p data-start=\"3159\" data-end=\"3513\">Un z\u00e2mbet str\u0103lucitor a fost \u00eentotdeauna asociat cu frumuse\u021bea, iar un z\u00e2mbet este cheia care atrage oamenii c\u0103tre tine. Un z\u00e2mbet str\u0103lucitor este mai primitor, sugereaz\u0103 c\u0103 ai grij\u0103 de tine \u0219i de s\u0103n\u0103tatea ta \u0219i te face mai abordabil.  Toate acestea au un impact extraordinar asupra \u00eencrederii \u00een sine, f\u0103c\u00e2ndu-v\u0103 s\u0103 prospera\u021bi \u00een via\u021ba personal\u0103, social\u0103 \u0219i profesional\u0103.<\/p>\n<p data-start=\"3515\" data-end=\"3759\">Procedurile de albire a din\u021bilor includ proceduri dentare preventive esen\u021biale, cum ar fi cur\u0103\u021barea dentar\u0103, asigur\u00e2ndu-v\u0103 c\u0103 ave\u021bi o gur\u0103 s\u0103n\u0103toas\u0103 \u0219i f\u0103r\u0103 boli. Igiena dumneavoastr\u0103 oral\u0103 se va \u00eembun\u0103t\u0103\u021bi \u0219i poate avea, de asemenea, beneficii de lung\u0103 durat\u0103 pentru s\u0103n\u0103tatea mintal\u0103. <\/p>\n<p data-start=\"3761\" data-end=\"3911\">Albirea din\u021bilor este o m\u0103sur\u0103 de tratament relativ rapid\u0103 \u0219i sigur\u0103 atunci c\u00e2nd este efectuat\u0103 de \u0219i sub supravegherea unui medic stomatolog cosmetician certificat.<\/p>\n<h2 data-start=\"3918\" data-end=\"3948\"><strong data-start=\"3921\" data-end=\"3948\">Dezavantajele albirii din\u021bilor<\/strong><\/h2>\n<ul data-start=\"3950\" data-end=\"4292\">\n<li data-start=\"3950\" data-end=\"4036\">\n<p data-start=\"3952\" data-end=\"4036\">Tratamentele de albire a din\u021bilor nu afecteaz\u0103 plombele \u0219i <a href=\"https:\/\/talpadent.lu\/ro\/de-ce-foloseste-un-dentist-rasina-compozita-dentara-pentru-a-obtine-plombe-dentare-estetice\/\">coroanele<\/a> preexistente.<\/p>\n<\/li>\n<li data-start=\"4037\" data-end=\"4177\">\n<p data-start=\"4039\" data-end=\"4177\">Albirea efectuat\u0103 \u00een prezen\u021ba infec\u021biilor orale active sau a unor afec\u021biuni sistemice complicate poate agrava afec\u021biunea.<\/p>\n<\/li>\n<li data-start=\"4178\" data-end=\"4240\">\n<p data-start=\"4180\" data-end=\"4240\">Nu este o solu\u021bie permanent\u0103 pentru albirea din\u021bilor.<\/p>\n<\/li>\n<li data-start=\"4241\" data-end=\"4292\">\n<p data-start=\"4243\" data-end=\"4292\">Poate duce la sensibilitate temporar\u0103 a din\u021bilor.<\/p>\n<\/li>\n<\/ul>\n<p data-start=\"4294\" data-end=\"4517\">Albirea din\u021bilor este o procedur\u0103 sigur\u0103 care nu produce aproape nicio complica\u021bie dac\u0103 este efectuat\u0103 de un profesionist stomatolog. Cu toate acestea, multe m\u0103rci au venit acum cu solu\u021bii de albire a din\u021bilor acas\u0103, care c\u00e2\u0219tig\u0103 mult\u0103 faim\u0103. <\/p>\n<p data-start=\"4519\" data-end=\"4713\">Aceste tratamente la domiciliu pot fi riscante dac\u0103 sunt alese gre\u0219it. Mul\u021bi pacien\u021bi care s-au autotratat pentru a ob\u021bine din\u021bi albi raporteaz\u0103 smal\u021b fragil \u0219i sensibilitate dentar\u0103 permanent\u0103 sever\u0103. <\/p>\n<h2 data-start=\"4720\" data-end=\"4776\"><strong data-start=\"4723\" data-end=\"4776\">De ce devin din\u021bii sensibili dup\u0103 albirea din\u021bilor?<\/strong><\/h2>\n<p data-start=\"4778\" data-end=\"4861\">Mai multe motive pot contribui la sensibilitatea din\u021bilor dup\u0103 albirea din\u021bilor, inclusiv:<\/p>\n<ul data-start=\"4863\" data-end=\"5325\">\n<li data-start=\"4863\" data-end=\"5034\">\n<p data-start=\"4865\" data-end=\"5034\">Gelul de albire reac\u021bioneaz\u0103 cu smal\u021bul pentru a dizolva petele \u0219i a oferi efectul de albire, f\u0103c\u00e2nd smal\u021bul mai permeabil \u0219i expun\u00e2nd dentina subiacent\u0103.<\/p>\n<\/li>\n<li data-start=\"5035\" data-end=\"5160\">\n<p data-start=\"5037\" data-end=\"5160\">Dentina are mai mul\u021bi tubuli care con\u021bin termina\u021bii nervoase, iar odat\u0103 expu\u0219i, ace\u0219ti nervi declan\u0219eaz\u0103 durerea cauzat\u0103 de sensibilitate.<\/p>\n<\/li>\n<li data-start=\"5161\" data-end=\"5232\">\n<p data-start=\"5163\" data-end=\"5232\">T\u0103vile folosite \u00een timpul albirii pot aplica presiune accidental\u0103.<\/p>\n<\/li>\n<li data-start=\"5233\" data-end=\"5325\">\n<p data-start=\"5235\" data-end=\"5325\">Gelul de albire \u00een sine poate ac\u021biona ca iritant atunci c\u00e2nd atinge gingiile \u0219i \u021besuturile moi.<\/p>\n<\/li>\n<\/ul>\n<h2 data-start=\"5332\" data-end=\"5386\"><strong data-start=\"5335\" data-end=\"5386\">Este sensibilitatea dup\u0103 albirea din\u021bilor permanent\u0103?<\/strong><\/h2>\n<p data-start=\"5388\" data-end=\"5584\">Sensibilitatea dentar\u0103 dup\u0103 o procedur\u0103 de albire profesional\u0103 este de obicei temporar\u0103. Va disp\u0103rea odat\u0103 cu utilizarea unei paste de din\u021bi pe baz\u0103 de fluor \u0219i odat\u0103 ce smal\u021bul se remineralizeaz\u0103. <\/p>\n<p data-start=\"5586\" data-end=\"5757\">Totu\u0219i, dac\u0103 deteriorarea smal\u021bului este sever\u0103, aceasta poate deveni permanent\u0103, mai ales atunci c\u00e2nd protocoalele de siguran\u021b\u0103 sunt ignorate &#8211; cum ar fi \u00een cazul kiturilor de albire la domiciliu din farmacii.<\/p>\n<h2 data-start=\"5764\" data-end=\"5828\"><strong data-start=\"5767\" data-end=\"5828\">Cum s\u0103 evi\u021bi sensibilitatea dup\u0103 tratamentul de albire a din\u021bilor<\/strong><\/h2>\n<p data-start=\"5830\" data-end=\"5980\">Cum te-ai sim\u021bi dac\u0103 \u021bi-am spune c\u0103 exist\u0103 multe lucruri pe care le po\u021bi face pentru a evita sensibilitatea dentar\u0103 dup\u0103 albirea din\u021bilor? Cite\u0219te mai departe pentru a afla mai multe: <\/p>\n<p><img decoding=\"async\" class=\"wp-image-2367 size-full aligncenter\" src=\"https:\/\/talpadent.lu\/wp-content\/uploads\/2025\/10\/image-resizer.jpeg\" alt=\"\" width=\"670\" height=\"458\" srcset=\"https:\/\/talpadent.lu\/wp-content\/uploads\/2025\/10\/image-resizer.jpeg 670w, https:\/\/talpadent.lu\/wp-content\/uploads\/2025\/10\/image-resizer-300x205.jpeg 300w\" sizes=\"(max-width: 670px) 100vw, 670px\" \/><\/p>\n<h3 data-start=\"5982\" data-end=\"6029\"><strong data-start=\"5986\" data-end=\"6029\">1. Evita\u021bi alimentele \u0219i lichidele calde \u0219i reci<\/strong><\/h3>\n<p data-start=\"6031\" data-end=\"6272\">Deoarece smal\u021bul este mai permeabil \u0219i termina\u021biile nervoase sunt expuse, este \u00een\u021belept s\u0103 evita\u021bi alimentele \u0219i lichidele extrem de fierbin\u021bi sau reci \u00een primele zile.<br data-start=\"6180\" data-end=\"6183\">Consuma\u021bi alimente \u0219i b\u0103uturi la temperatura camerei timp de cel pu\u021bin 7-10 zile dup\u0103 tratament.<\/p>\n<h3 data-start=\"6274\" data-end=\"6315\"><strong data-start=\"6278\" data-end=\"6315\">2. Evita\u021bi alimentele \u0219i lichidele acide<\/strong><\/h3>\n<p data-start=\"6317\" data-end=\"6494\">Alimentele \u0219i b\u0103uturile acide, precum citricele, sucul \u0219i b\u0103uturile carbogazoase, pot agrava sensibilitatea \u0219i pot deteriora smal\u021bul.<br data-start=\"6438\" data-end=\"6441\">Evita\u021bi-le timp de cel pu\u021bin 2 s\u0103pt\u0103m\u00e2ni dup\u0103 tratament.<\/p>\n<h3 data-start=\"6496\" data-end=\"6574\"><strong data-start=\"6500\" data-end=\"6574\">3. Folose\u0219te o past\u0103 de din\u021bi desensibilizant\u0103 pe baz\u0103 de fluor \u0219i o periu\u021b\u0103 de din\u021bi moale<\/strong><\/h3>\n<p data-start=\"6576\" data-end=\"6762\">Fluorul \u00eent\u0103re\u0219te din\u021bii \u0219i \u00eei face mai rezisten\u021bi la carii. Ajut\u0103 la remineralizare \u0219i previne sensibilitatea prin \u00eent\u0103rirea smal\u021bului cu cristale de fluorapatit\u0103. <\/p>\n<h3 data-start=\"6764\" data-end=\"6792\"><strong data-start=\"6768\" data-end=\"6792\">4. Nu decolora\u021bi excesiv<\/strong><\/h3>\n<ul>\n<li data-start=\"6794\" data-end=\"7031\">Evita\u021bi exagerarea cu albirea din\u021bilor &#8211; mai ales cu kituri de albire pentru acas\u0103.<\/li>\n<li data-start=\"6794\" data-end=\"7031\">Albirea excesiv\u0103 erodeaz\u0103 smal\u021bul \u0219i expune dentina, provoc\u00e2nd sensibilitate permanent\u0103.<\/li>\n<li data-start=\"6794\" data-end=\"7031\">Nu uita, din\u021bii galben pal \u00een mod natural sunt s\u0103n\u0103to\u0219i \u0219i normali!<\/li>\n<\/ul>\n<p data-start=\"7033\" data-end=\"7108\"><strong data-start=\"7037\" data-end=\"7108\">5. Albi\u021bi-v\u0103 din\u021bii \u00een mod corect<\/strong><\/p>\n<p data-start=\"7033\" data-end=\"7108\">Pentru o experien\u021b\u0103 de albire sigur\u0103 \u0219i eficient\u0103, consulta\u021bi \u00eentotdeauna un medic stomatolog cosmetician certificat. Acesta v\u0103 va ghida corect, va preveni albirea excesiv\u0103 \u0219i v\u0103 va oferi un z\u00e2mbet mai str\u0103lucitor \u00een siguran\u021b\u0103.<br data-start=\"7301\" data-end=\"7304\">De asemenea, evita\u021bi fumatul, tutunul \u0219i consumul excesiv de alcool pentru a p\u0103stra rezultatele albirii pe termen lung. <\/p>\n<p data-start=\"7437\" data-end=\"7675\">Dac\u0103 nu a\u021bi primit \u00eenc\u0103 un r\u0103spuns la \u00eentreb\u0103rile dvs., nu ezita\u021bi s\u0103 ne adresa\u021bi comentariile de mai jos \u2014 v\u0103 vom r\u0103spunde c\u00e2t mai cur\u00e2nd posibil.<br data-start=\"7577\" data-end=\"7580\">Dac\u0103 a\u021bi g\u0103sit acest articol util, v\u0103 invit\u0103m s\u0103 l\u0103sa\u021bi un comentariu \u0219i s\u0103 ne \u00eemp\u0103rt\u0103\u0219i\u021bi feedback-ul dvs.<\/p>\n","protected":false},"excerpt":{"rendered":"<p>Ce este albirea din\u021bilor? Albirea din\u021bilor este o procedur\u0103 stomatologic\u0103 cosmetic\u0103 ce a c\u00e2\u0219tigat recent o popularitate semnificativ\u0103. Majoritatea dintre noi ne na\u0219tem de obicei cu din\u021bi albi ca laptele. Cu toate acestea, uzura regulat\u0103, obiceiurile alimentare, obiceiurile proaste precum fumatul \u0219i consumul de tutun \u0219i pericolele mediului oral pot duce la decolorarea \u0219i p\u0103tarea [&hellip;]<\/p>\n","protected":false},"author":1,"featured_media":3378,"comment_status":"open","ping_status":"open","sticky":false,"template":"","format":"standard","meta":{"footnotes":""},"categories":[46],"tags":[],"class_list":["post-3379","post","type-post","status-publish","format-standard","has-post-thumbnail","hentry","category-uncategorized-ro"],"yoast_head":"<!-- This site is optimized with the Yoast SEO plugin v27.4 - https:\/\/yoast.com\/product\/yoast-seo-wordpress\/ -->\n<title>Sensibilitate la albirea din\u021bilor: 5 sfaturi de la exper\u021bi pentru a o evita<\/title>\n<meta name=\"description\" content=\"Te confrun\u021bi cu sensibilitatea la albirea din\u021bilor? Afl\u0103 5 sfaturi de \u00eencredere de la TalpaDent pentru a reduce disconfortul \u0219i a-\u021bi proteja z\u00e2mbetul dup\u0103 tratamentul de albire.\" \/>\n<meta name=\"robots\" content=\"index, follow, max-snippet:-1, max-image-preview:large, max-video-preview:-1\" \/>\n<link rel=\"canonical\" href=\"https:\/\/talpadent.lu\/ro\/5-recomandari-pentru-a-evita-sensibilitatea-dupa-un-tratament-de-albire-a-dintilor\/\" \/>\n<meta property=\"og:locale\" content=\"ro_RO\" \/>\n<meta property=\"og:type\" content=\"article\" \/>\n<meta property=\"og:title\" content=\"Sensibilitate la albirea din\u021bilor: 5 sfaturi de la exper\u021bi pentru a o evita\" \/>\n<meta property=\"og:description\" content=\"Te confrun\u021bi cu sensibilitatea la albirea din\u021bilor? Afl\u0103 5 sfaturi de \u00eencredere de la TalpaDent pentru a reduce disconfortul \u0219i a-\u021bi proteja z\u00e2mbetul dup\u0103 tratamentul de albire.\" \/>\n<meta property=\"og:url\" content=\"https:\/\/talpadent.lu\/ro\/5-recomandari-pentru-a-evita-sensibilitatea-dupa-un-tratament-de-albire-a-dintilor\/\" \/>\n<meta property=\"og:site_name\" content=\"Talpa\" \/>\n<meta property=\"article:published_time\" content=\"2025-10-30T15:04:06+00:00\" \/>\n<meta property=\"article:modified_time\" content=\"2026-04-17T16:12:44+00:00\" \/>\n<meta property=\"og:image\" content=\"https:\/\/talpadent.lu\/wp-content\/uploads\/2025\/10\/teeth-Whitening-compressed-scaled.jpg\" \/>\n\t<meta property=\"og:image:width\" content=\"2560\" \/>\n\t<meta property=\"og:image:height\" content=\"1280\" \/>\n\t<meta property=\"og:image:type\" content=\"image\/jpeg\" \/>\n<meta name=\"author\" content=\"admin\" \/>\n<meta name=\"twitter:card\" content=\"summary_large_image\" \/>\n<meta name=\"twitter:label1\" content=\"Scris de\" \/>\n\t<meta name=\"twitter:data1\" content=\"admin\" \/>\n\t<meta name=\"twitter:label2\" content=\"Timp estimat pentru citire\" \/>\n\t<meta name=\"twitter:data2\" content=\"7 minute\" \/>\n<script type=\"application\/ld+json\" class=\"yoast-schema-graph\">{\"@context\":\"https:\\\/\\\/schema.org\",\"@graph\":[{\"@type\":\"Article\",\"@id\":\"https:\\\/\\\/talpadent.lu\\\/ro\\\/5-recomandari-pentru-a-evita-sensibilitatea-dupa-un-tratament-de-albire-a-dintilor\\\/#article\",\"isPartOf\":{\"@id\":\"https:\\\/\\\/talpadent.lu\\\/ro\\\/5-recomandari-pentru-a-evita-sensibilitatea-dupa-un-tratament-de-albire-a-dintilor\\\/\"},\"author\":{\"name\":\"admin\",\"@id\":\"https:\\\/\\\/talpadent.lu\\\/ro\\\/#\\\/schema\\\/person\\\/8243d213f72d21b76a4edefd9db9aa2a\"},\"headline\":\"5 recomand\u0103ri pentru a evita sensibilitatea dup\u0103 un tratament de albire a din\u021bilor\",\"datePublished\":\"2025-10-30T15:04:06+00:00\",\"dateModified\":\"2026-04-17T16:12:44+00:00\",\"mainEntityOfPage\":{\"@id\":\"https:\\\/\\\/talpadent.lu\\\/ro\\\/5-recomandari-pentru-a-evita-sensibilitatea-dupa-un-tratament-de-albire-a-dintilor\\\/\"},\"wordCount\":1389,\"commentCount\":0,\"publisher\":{\"@id\":\"https:\\\/\\\/talpadent.lu\\\/ro\\\/#\\\/schema\\\/person\\\/8243d213f72d21b76a4edefd9db9aa2a\"},\"image\":{\"@id\":\"https:\\\/\\\/talpadent.lu\\\/ro\\\/5-recomandari-pentru-a-evita-sensibilitatea-dupa-un-tratament-de-albire-a-dintilor\\\/#primaryimage\"},\"thumbnailUrl\":\"https:\\\/\\\/talpadent.lu\\\/wp-content\\\/uploads\\\/2025\\\/10\\\/teeth-Whitening-compressed-scaled.jpg\",\"articleSection\":[\"Uncategorized @ro\"],\"inLanguage\":\"ro-RO\",\"potentialAction\":[{\"@type\":\"CommentAction\",\"name\":\"Comment\",\"target\":[\"https:\\\/\\\/talpadent.lu\\\/ro\\\/5-recomandari-pentru-a-evita-sensibilitatea-dupa-un-tratament-de-albire-a-dintilor\\\/#respond\"]}]},{\"@type\":\"WebPage\",\"@id\":\"https:\\\/\\\/talpadent.lu\\\/ro\\\/5-recomandari-pentru-a-evita-sensibilitatea-dupa-un-tratament-de-albire-a-dintilor\\\/\",\"url\":\"https:\\\/\\\/talpadent.lu\\\/ro\\\/5-recomandari-pentru-a-evita-sensibilitatea-dupa-un-tratament-de-albire-a-dintilor\\\/\",\"name\":\"Sensibilitate la albirea din\u021bilor: 5 sfaturi de la exper\u021bi pentru a o evita\",\"isPartOf\":{\"@id\":\"https:\\\/\\\/talpadent.lu\\\/ro\\\/#website\"},\"primaryImageOfPage\":{\"@id\":\"https:\\\/\\\/talpadent.lu\\\/ro\\\/5-recomandari-pentru-a-evita-sensibilitatea-dupa-un-tratament-de-albire-a-dintilor\\\/#primaryimage\"},\"image\":{\"@id\":\"https:\\\/\\\/talpadent.lu\\\/ro\\\/5-recomandari-pentru-a-evita-sensibilitatea-dupa-un-tratament-de-albire-a-dintilor\\\/#primaryimage\"},\"thumbnailUrl\":\"https:\\\/\\\/talpadent.lu\\\/wp-content\\\/uploads\\\/2025\\\/10\\\/teeth-Whitening-compressed-scaled.jpg\",\"datePublished\":\"2025-10-30T15:04:06+00:00\",\"dateModified\":\"2026-04-17T16:12:44+00:00\",\"description\":\"Te confrun\u021bi cu sensibilitatea la albirea din\u021bilor? Afl\u0103 5 sfaturi de \u00eencredere de la TalpaDent pentru a reduce disconfortul \u0219i a-\u021bi proteja z\u00e2mbetul dup\u0103 tratamentul de albire.\",\"breadcrumb\":{\"@id\":\"https:\\\/\\\/talpadent.lu\\\/ro\\\/5-recomandari-pentru-a-evita-sensibilitatea-dupa-un-tratament-de-albire-a-dintilor\\\/#breadcrumb\"},\"inLanguage\":\"ro-RO\",\"potentialAction\":[{\"@type\":\"ReadAction\",\"target\":[\"https:\\\/\\\/talpadent.lu\\\/ro\\\/5-recomandari-pentru-a-evita-sensibilitatea-dupa-un-tratament-de-albire-a-dintilor\\\/\"]}]},{\"@type\":\"ImageObject\",\"inLanguage\":\"ro-RO\",\"@id\":\"https:\\\/\\\/talpadent.lu\\\/ro\\\/5-recomandari-pentru-a-evita-sensibilitatea-dupa-un-tratament-de-albire-a-dintilor\\\/#primaryimage\",\"url\":\"https:\\\/\\\/talpadent.lu\\\/wp-content\\\/uploads\\\/2025\\\/10\\\/teeth-Whitening-compressed-scaled.jpg\",\"contentUrl\":\"https:\\\/\\\/talpadent.lu\\\/wp-content\\\/uploads\\\/2025\\\/10\\\/teeth-Whitening-compressed-scaled.jpg\",\"width\":2560,\"height\":1280},{\"@type\":\"BreadcrumbList\",\"@id\":\"https:\\\/\\\/talpadent.lu\\\/ro\\\/5-recomandari-pentru-a-evita-sensibilitatea-dupa-un-tratament-de-albire-a-dintilor\\\/#breadcrumb\",\"itemListElement\":[{\"@type\":\"ListItem\",\"position\":1,\"name\":\"Acas\u0103\",\"item\":\"https:\\\/\\\/talpadent.lu\\\/ro\\\/\"},{\"@type\":\"ListItem\",\"position\":2,\"name\":\"5 recomand\u0103ri pentru a evita sensibilitatea dup\u0103 un tratament de albire a din\u021bilor\"}]},{\"@type\":\"WebSite\",\"@id\":\"https:\\\/\\\/talpadent.lu\\\/ro\\\/#website\",\"url\":\"https:\\\/\\\/talpadent.lu\\\/ro\\\/\",\"name\":\"Talpa\",\"description\":\"\",\"publisher\":{\"@id\":\"https:\\\/\\\/talpadent.lu\\\/ro\\\/#\\\/schema\\\/person\\\/8243d213f72d21b76a4edefd9db9aa2a\"},\"potentialAction\":[{\"@type\":\"SearchAction\",\"target\":{\"@type\":\"EntryPoint\",\"urlTemplate\":\"https:\\\/\\\/talpadent.lu\\\/ro\\\/?s={search_term_string}\"},\"query-input\":{\"@type\":\"PropertyValueSpecification\",\"valueRequired\":true,\"valueName\":\"search_term_string\"}}],\"inLanguage\":\"ro-RO\"},{\"@type\":[\"Person\",\"Organization\"],\"@id\":\"https:\\\/\\\/talpadent.lu\\\/ro\\\/#\\\/schema\\\/person\\\/8243d213f72d21b76a4edefd9db9aa2a\",\"name\":\"admin\",\"image\":{\"@type\":\"ImageObject\",\"inLanguage\":\"ro-RO\",\"@id\":\"https:\\\/\\\/talpadent.lu\\\/wp-content\\\/uploads\\\/2023\\\/04\\\/Logo_Talpadent.lu-1-e1771352825857.png\",\"url\":\"https:\\\/\\\/talpadent.lu\\\/wp-content\\\/uploads\\\/2023\\\/04\\\/Logo_Talpadent.lu-1-e1771352825857.png\",\"contentUrl\":\"https:\\\/\\\/talpadent.lu\\\/wp-content\\\/uploads\\\/2023\\\/04\\\/Logo_Talpadent.lu-1-e1771352825857.png\",\"width\":800,\"height\":600,\"caption\":\"admin\"},\"logo\":{\"@id\":\"https:\\\/\\\/talpadent.lu\\\/wp-content\\\/uploads\\\/2023\\\/04\\\/Logo_Talpadent.lu-1-e1771352825857.png\"},\"sameAs\":[\"https:\\\/\\\/talpadent.lu\"],\"url\":\"https:\\\/\\\/talpadent.lu\\\/ro\\\/author\\\/admin\\\/\"}]}<\/script>\n<!-- \/ Yoast SEO plugin. -->","yoast_head_json":{"title":"Sensibilitate la albirea din\u021bilor: 5 sfaturi de la exper\u021bi pentru a o evita","description":"Te confrun\u021bi cu sensibilitatea la albirea din\u021bilor? Afl\u0103 5 sfaturi de \u00eencredere de la TalpaDent pentru a reduce disconfortul \u0219i a-\u021bi proteja z\u00e2mbetul dup\u0103 tratamentul de albire.","robots":{"index":"index","follow":"follow","max-snippet":"max-snippet:-1","max-image-preview":"max-image-preview:large","max-video-preview":"max-video-preview:-1"},"canonical":"https:\/\/talpadent.lu\/ro\/5-recomandari-pentru-a-evita-sensibilitatea-dupa-un-tratament-de-albire-a-dintilor\/","og_locale":"ro_RO","og_type":"article","og_title":"Sensibilitate la albirea din\u021bilor: 5 sfaturi de la exper\u021bi pentru a o evita","og_description":"Te confrun\u021bi cu sensibilitatea la albirea din\u021bilor? Afl\u0103 5 sfaturi de \u00eencredere de la TalpaDent pentru a reduce disconfortul \u0219i a-\u021bi proteja z\u00e2mbetul dup\u0103 tratamentul de albire.","og_url":"https:\/\/talpadent.lu\/ro\/5-recomandari-pentru-a-evita-sensibilitatea-dupa-un-tratament-de-albire-a-dintilor\/","og_site_name":"Talpa","article_published_time":"2025-10-30T15:04:06+00:00","article_modified_time":"2026-04-17T16:12:44+00:00","og_image":[{"width":2560,"height":1280,"url":"https:\/\/talpadent.lu\/wp-content\/uploads\/2025\/10\/teeth-Whitening-compressed-scaled.jpg","type":"image\/jpeg"}],"author":"admin","twitter_card":"summary_large_image","twitter_misc":{"Scris de":"admin","Timp estimat pentru citire":"7 minute"},"schema":{"@context":"https:\/\/schema.org","@graph":[{"@type":"Article","@id":"https:\/\/talpadent.lu\/ro\/5-recomandari-pentru-a-evita-sensibilitatea-dupa-un-tratament-de-albire-a-dintilor\/#article","isPartOf":{"@id":"https:\/\/talpadent.lu\/ro\/5-recomandari-pentru-a-evita-sensibilitatea-dupa-un-tratament-de-albire-a-dintilor\/"},"author":{"name":"admin","@id":"https:\/\/talpadent.lu\/ro\/#\/schema\/person\/8243d213f72d21b76a4edefd9db9aa2a"},"headline":"5 recomand\u0103ri pentru a evita sensibilitatea dup\u0103 un tratament de albire a din\u021bilor","datePublished":"2025-10-30T15:04:06+00:00","dateModified":"2026-04-17T16:12:44+00:00","mainEntityOfPage":{"@id":"https:\/\/talpadent.lu\/ro\/5-recomandari-pentru-a-evita-sensibilitatea-dupa-un-tratament-de-albire-a-dintilor\/"},"wordCount":1389,"commentCount":0,"publisher":{"@id":"https:\/\/talpadent.lu\/ro\/#\/schema\/person\/8243d213f72d21b76a4edefd9db9aa2a"},"image":{"@id":"https:\/\/talpadent.lu\/ro\/5-recomandari-pentru-a-evita-sensibilitatea-dupa-un-tratament-de-albire-a-dintilor\/#primaryimage"},"thumbnailUrl":"https:\/\/talpadent.lu\/wp-content\/uploads\/2025\/10\/teeth-Whitening-compressed-scaled.jpg","articleSection":["Uncategorized @ro"],"inLanguage":"ro-RO","potentialAction":[{"@type":"CommentAction","name":"Comment","target":["https:\/\/talpadent.lu\/ro\/5-recomandari-pentru-a-evita-sensibilitatea-dupa-un-tratament-de-albire-a-dintilor\/#respond"]}]},{"@type":"WebPage","@id":"https:\/\/talpadent.lu\/ro\/5-recomandari-pentru-a-evita-sensibilitatea-dupa-un-tratament-de-albire-a-dintilor\/","url":"https:\/\/talpadent.lu\/ro\/5-recomandari-pentru-a-evita-sensibilitatea-dupa-un-tratament-de-albire-a-dintilor\/","name":"Sensibilitate la albirea din\u021bilor: 5 sfaturi de la exper\u021bi pentru a o evita","isPartOf":{"@id":"https:\/\/talpadent.lu\/ro\/#website"},"primaryImageOfPage":{"@id":"https:\/\/talpadent.lu\/ro\/5-recomandari-pentru-a-evita-sensibilitatea-dupa-un-tratament-de-albire-a-dintilor\/#primaryimage"},"image":{"@id":"https:\/\/talpadent.lu\/ro\/5-recomandari-pentru-a-evita-sensibilitatea-dupa-un-tratament-de-albire-a-dintilor\/#primaryimage"},"thumbnailUrl":"https:\/\/talpadent.lu\/wp-content\/uploads\/2025\/10\/teeth-Whitening-compressed-scaled.jpg","datePublished":"2025-10-30T15:04:06+00:00","dateModified":"2026-04-17T16:12:44+00:00","description":"Te confrun\u021bi cu sensibilitatea la albirea din\u021bilor? Afl\u0103 5 sfaturi de \u00eencredere de la TalpaDent pentru a reduce disconfortul \u0219i a-\u021bi proteja z\u00e2mbetul dup\u0103 tratamentul de albire.","breadcrumb":{"@id":"https:\/\/talpadent.lu\/ro\/5-recomandari-pentru-a-evita-sensibilitatea-dupa-un-tratament-de-albire-a-dintilor\/#breadcrumb"},"inLanguage":"ro-RO","potentialAction":[{"@type":"ReadAction","target":["https:\/\/talpadent.lu\/ro\/5-recomandari-pentru-a-evita-sensibilitatea-dupa-un-tratament-de-albire-a-dintilor\/"]}]},{"@type":"ImageObject","inLanguage":"ro-RO","@id":"https:\/\/talpadent.lu\/ro\/5-recomandari-pentru-a-evita-sensibilitatea-dupa-un-tratament-de-albire-a-dintilor\/#primaryimage","url":"https:\/\/talpadent.lu\/wp-content\/uploads\/2025\/10\/teeth-Whitening-compressed-scaled.jpg","contentUrl":"https:\/\/talpadent.lu\/wp-content\/uploads\/2025\/10\/teeth-Whitening-compressed-scaled.jpg","width":2560,"height":1280},{"@type":"BreadcrumbList","@id":"https:\/\/talpadent.lu\/ro\/5-recomandari-pentru-a-evita-sensibilitatea-dupa-un-tratament-de-albire-a-dintilor\/#breadcrumb","itemListElement":[{"@type":"ListItem","position":1,"name":"Acas\u0103","item":"https:\/\/talpadent.lu\/ro\/"},{"@type":"ListItem","position":2,"name":"5 recomand\u0103ri pentru a evita sensibilitatea dup\u0103 un tratament de albire a din\u021bilor"}]},{"@type":"WebSite","@id":"https:\/\/talpadent.lu\/ro\/#website","url":"https:\/\/talpadent.lu\/ro\/","name":"Talpa","description":"","publisher":{"@id":"https:\/\/talpadent.lu\/ro\/#\/schema\/person\/8243d213f72d21b76a4edefd9db9aa2a"},"potentialAction":[{"@type":"SearchAction","target":{"@type":"EntryPoint","urlTemplate":"https:\/\/talpadent.lu\/ro\/?s={search_term_string}"},"query-input":{"@type":"PropertyValueSpecification","valueRequired":true,"valueName":"search_term_string"}}],"inLanguage":"ro-RO"},{"@type":["Person","Organization"],"@id":"https:\/\/talpadent.lu\/ro\/#\/schema\/person\/8243d213f72d21b76a4edefd9db9aa2a","name":"admin","image":{"@type":"ImageObject","inLanguage":"ro-RO","@id":"https:\/\/talpadent.lu\/wp-content\/uploads\/2023\/04\/Logo_Talpadent.lu-1-e1771352825857.png","url":"https:\/\/talpadent.lu\/wp-content\/uploads\/2023\/04\/Logo_Talpadent.lu-1-e1771352825857.png","contentUrl":"https:\/\/talpadent.lu\/wp-content\/uploads\/2023\/04\/Logo_Talpadent.lu-1-e1771352825857.png","width":800,"height":600,"caption":"admin"},"logo":{"@id":"https:\/\/talpadent.lu\/wp-content\/uploads\/2023\/04\/Logo_Talpadent.lu-1-e1771352825857.png"},"sameAs":["https:\/\/talpadent.lu"],"url":"https:\/\/talpadent.lu\/ro\/author\/admin\/"}]}},"_links":{"self":[{"href":"https:\/\/talpadent.lu\/ro\/wp-json\/wp\/v2\/posts\/3379","targetHints":{"allow":["GET"]}}],"collection":[{"href":"https:\/\/talpadent.lu\/ro\/wp-json\/wp\/v2\/posts"}],"about":[{"href":"https:\/\/talpadent.lu\/ro\/wp-json\/wp\/v2\/types\/post"}],"author":[{"embeddable":true,"href":"https:\/\/talpadent.lu\/ro\/wp-json\/wp\/v2\/users\/1"}],"replies":[{"embeddable":true,"href":"https:\/\/talpadent.lu\/ro\/wp-json\/wp\/v2\/comments?post=3379"}],"version-history":[{"count":1,"href":"https:\/\/talpadent.lu\/ro\/wp-json\/wp\/v2\/posts\/3379\/revisions"}],"predecessor-version":[{"id":6134,"href":"https:\/\/talpadent.lu\/ro\/wp-json\/wp\/v2\/posts\/3379\/revisions\/6134"}],"wp:featuredmedia":[{"embeddable":true,"href":"https:\/\/talpadent.lu\/ro\/wp-json\/wp\/v2\/media\/3378"}],"wp:attachment":[{"href":"https:\/\/talpadent.lu\/ro\/wp-json\/wp\/v2\/media?parent=3379"}],"wp:term":[{"taxonomy":"category","embeddable":true,"href":"https:\/\/talpadent.lu\/ro\/wp-json\/wp\/v2\/categories?post=3379"},{"taxonomy":"post_tag","embeddable":true,"href":"https:\/\/talpadent.lu\/ro\/wp-json\/wp\/v2\/tags?post=3379"}],"curies":[{"name":"wp","href":"https:\/\/api.w.org\/{rel}","templated":true}]}}